{"id":76934,"date":"2025-07-10T07:16:22","date_gmt":"2025-07-10T12:16:22","guid":{"rendered":"https:\/\/esreviral.com\/?p=76934"},"modified":"2025-07-10T07:16:23","modified_gmt":"2025-07-10T12:16:23","slug":"femicidio-un-hombre-asesino-de-mas-de-20-machetazos-a-su-expareja","status":"publish","type":"post","link":"https:\/\/esreviral.com\/?p=76934","title":{"rendered":"Femicidio: Un hombre asesin\u00f3 de m\u00e1s de 20 machetazos a su expareja"},"content":{"rendered":"\n<p><strong>Claudia Soledad Batista<\/strong>, de 28 a\u00f1os de edad, fue brutalmente asesinada el pasado domingo en la localidad de <strong>San Jos\u00e9<\/strong>, provincia de <strong>Misiones<\/strong>. La joven fue<strong> atacada con un machete<\/strong> dentro de su vivienda del barrio <strong>La Tablada<\/strong>, donde fue hallada sin vida por la polic\u00eda tras el llamado de vecinos que escucharon gritos y ruidos provenientes del lugar.<\/p>\n\n\n\n<p>El principal sospechoso del femicidio es su <strong>expareja<\/strong>, un joven de <strong>25 a\u00f1os<\/strong> de edad con quien ten\u00eda <strong>dos hijos en com\u00fan<\/strong>, y quien se entreg\u00f3 a las autoridades poco despu\u00e9s del crimen. Se encuentra detenido y a disposici\u00f3n del <strong>Juzgado de Instrucci\u00f3n N.\u00ba 4 de Ap\u00f3stoles<\/strong>, a cargo del juez <strong>Miguel \u00c1ngel Far\u00eda<\/strong>.<\/p>\n\n\n\n<p class=\"has-text-align-center\"><strong><a href=\"https:\/\/chat.whatsapp.com\/KWkTmakY3I05kNdd2oZl6d\"><em>\u00daNETE A NUESTRO GRUPO DE WHATSAPP PARA ESTAR INFORMADO<\/em><\/a><\/strong><\/p>\n\n\n<div class=\"wp-block-image\">\n<figure class=\"aligncenter size-large\"><img decoding=\"async\" src=\"https:\/\/www.lavoz.com.ar\/resizer\/v2\/WRSVN7D5HNE35NBHM6FTMRWEEU.jpg?auth=262af5ac120b2956cfd3aecef2b71dfcb79dd38d53e6a08b1008f611a3436f3c&amp;quality=75&amp;smart=true&amp;width=632\" alt=\"\"\/><\/figure><\/div>\n\n\n<h3 class=\"wp-block-heading\"><strong><mark style=\"background-color:rgba(0, 0, 0, 0)\" class=\"has-inline-color has-vivid-red-color\">Una autopsia que revela una escena atroz<\/mark><\/strong><\/h3>\n\n\n\n<p>Seg\u00fan el informe forense, Claudia falleci\u00f3 como consecuencia de un <strong>traumatismo de cr\u00e1neo grave<\/strong>, y presentaba al menos <strong>23 heridas provocadas con un machete<\/strong>, la mayor\u00eda en la <strong>cabeza, hombros y brazos<\/strong>. Algunas de las lesiones eran <strong>superpuestas<\/strong>, lo que indica un ataque con extrema violencia.<\/p>\n\n\n\n<p>Al ingresar al domicilio, el personal de la <strong>Comisar\u00eda Segunda<\/strong> constat\u00f3 que la v\u00edctima <strong>no presentaba signos vitales<\/strong> y se encontraba con m\u00faltiples heridas cortantes. En la escena del crimen fue <strong>secuestrado un machete con restos de sangre<\/strong>, que se presume fue el arma utilizada en el ataque.<\/p>\n\n\n\n<h3 class=\"wp-block-heading\"><strong><mark style=\"background-color:rgba(0, 0, 0, 0)\" class=\"has-inline-color has-vivid-red-color\">El agresor se entreg\u00f3 a la polic\u00eda<\/mark><\/strong><\/h3>\n\n\n\n<p>Poco despu\u00e9s del crimen, el presunto autor se present\u00f3 por su cuenta en una sede policial del mismo barrio. Hasta el momento, permanece <strong>detenido en una dependencia policial<\/strong>, mientras avanza la investigaci\u00f3n judicial.<\/p>\n\n\n\n<p>El caso ha generado conmoci\u00f3n en la comunidad de San Jos\u00e9 y renovado los reclamos por una mayor protecci\u00f3n hacia las mujeres en situaciones de violencia de g\u00e9nero.<\/p>\n\n\n\n<p class=\"has-text-align-center\"><em><strong><em><strong><em><strong><em><strong><a href=\"https:\/\/t.me\/esreviral\">\u00daNETE A NUESTRO CANAL DE TELEGRAM PARA ESTAR INFORMADO<\/a><\/strong><\/em><\/strong><\/em><\/strong><\/em><\/strong><\/em><\/p>\n\n\n\n<p class=\"has-text-align-right\"><strong><em>Con Informaci\u00f3n de\u00a0LN.-<\/em><\/strong><\/p>\n\n\n\n<p><\/p>\n","protected":false},"excerpt":{"rendered":"<p>La v\u00edctima fue identificada como Claudia Soledad Batista y ten\u00eda 28 a\u00f1os; el crimen se registr\u00f3 en la localidad misionera de San Jos\u00e9<\/p>\n","protected":false},"author":3,"featured_media":76935,"comment_status":"closed","ping_status":"closed","sticky":false,"template":"","format":"standard","meta":{"jnews-multi-image_gallery":[],"jnews_single_post":{"format":"standard"},"jnews_primary_category":[],"jnews_social_meta":[],"jnews_review":[],"enable_review":"","type":"","name":"","summary":"","brand":"","sku":"","good":[],"bad":[],"score_override":"","override_value":"","rating":[],"price":[],"jnews_override_counter":[],"jnews_post_split":[],"footnotes":""},"categories":[58,64],"tags":[44,4608,32989,32988,2517,555,12120,1589,45,310],"class_list":["post-76934","post","type-post","status-publish","format-standard","has-post-thumbnail","hentry","category-argentina","category-sucesos","tag-argentina","tag-asesinada","tag-atacada-con-un-machete","tag-claudia-soledad-batista","tag-crimen-2","tag-femicidio","tag-machete","tag-misiones","tag-noticias","tag-violencia-de-genero"],"amp_enabled":true,"_links":{"self":[{"href":"https:\/\/esreviral.com\/index.php?rest_route=\/wp\/v2\/posts\/76934"}],"collection":[{"href":"https:\/\/esreviral.com\/index.php?rest_route=\/wp\/v2\/posts"}],"about":[{"href":"https:\/\/esreviral.com\/index.php?rest_route=\/wp\/v2\/types\/post"}],"author":[{"embeddable":true,"href":"https:\/\/esreviral.com\/index.php?rest_route=\/wp\/v2\/users\/3"}],"replies":[{"embeddable":true,"href":"https:\/\/esreviral.com\/index.php?rest_route=%2Fwp%2Fv2%2Fcomments&post=76934"}],"version-history":[{"count":1,"href":"https:\/\/esreviral.com\/index.php?rest_route=\/wp\/v2\/posts\/76934\/revisions"}],"predecessor-version":[{"id":76936,"href":"https:\/\/esreviral.com\/index.php?rest_route=\/wp\/v2\/posts\/76934\/revisions\/76936"}],"wp:featuredmedia":[{"embeddable":true,"href":"https:\/\/esreviral.com\/index.php?rest_route=\/wp\/v2\/media\/76935"}],"wp:attachment":[{"href":"https:\/\/esreviral.com\/index.php?rest_route=%2Fwp%2Fv2%2Fmedia&parent=76934"}],"wp:term":[{"taxonomy":"category","embeddable":true,"href":"https:\/\/esreviral.com\/index.php?rest_route=%2Fwp%2Fv2%2Fcategories&post=76934"},{"taxonomy":"post_tag","embeddable":true,"href":"https:\/\/esreviral.com\/index.php?rest_route=%2Fwp%2Fv2%2Ftags&post=76934"}],"curies":[{"name":"wp","href":"https:\/\/api.w.org\/{rel}","templated":true}]}}