{"id":76664,"date":"2025-07-05T10:22:17","date_gmt":"2025-07-05T15:22:17","guid":{"rendered":"https:\/\/esreviral.com\/?p=76664"},"modified":"2025-07-05T10:27:47","modified_gmt":"2025-07-05T15:27:47","slug":"baires-de-libertad-y-la-parroquia-caacupe-atendieron-a-venezolanos-en-jornada-por-el-invierno","status":"publish","type":"post","link":"https:\/\/esreviral.com\/?p=76664","title":{"rendered":"Baires de Libertad y la parroquia Caacup\u00e9 atendieron a venezolanos en jornada por el invierno"},"content":{"rendered":"\n<p>M\u00e1s de 64 familias venezolanas que recientemente llegaron a Argentina y que atraviesan su primer invierno en el pa\u00eds, <strong>fueron atendidos por la parroquia Caacup\u00e9 y la ONG Baires de Libertad, en la primera jornada de este temporada.<\/strong><\/p>\n\n\n\n<p>Como es costumbre, la iglesia y Baires de Libertad realizan este tipo de jornadas para darle un espaldarazo a los migrantes que van llegando al pa\u00eds y que no cuentan con la ropa adecuada para enfrentar las bajas temperaturas, <strong>\u00ables dimos ropa, frazadas, verduras y leche, mientras que para las familias con beb\u00e9s les dimos leche\u00bb,<\/strong> explic\u00f3 Denglys Romero, presidenta de Baires de Libertad quien junto al padre Eusebio, capell\u00e1n de los venezolanos en Argentina, encabezaron el operativo.<\/p>\n\n\n\n<figure class=\"wp-block-image size-large\"><img fetchpriority=\"high\" decoding=\"async\" width=\"576\" height=\"1024\" src=\"https:\/\/esreviral.com\/wp-content\/uploads\/2025\/07\/WhatsApp-Image-2025-07-04-at-3.53.41-PM-576x1024.webp\" alt=\"\" class=\"wp-image-76667\" srcset=\"https:\/\/esreviral.com\/wp-content\/uploads\/2025\/07\/WhatsApp-Image-2025-07-04-at-3.53.41-PM-576x1024.webp 576w, https:\/\/esreviral.com\/wp-content\/uploads\/2025\/07\/WhatsApp-Image-2025-07-04-at-3.53.41-PM-169x300.webp 169w, https:\/\/esreviral.com\/wp-content\/uploads\/2025\/07\/WhatsApp-Image-2025-07-04-at-3.53.41-PM-768x1366.webp 768w, https:\/\/esreviral.com\/wp-content\/uploads\/2025\/07\/WhatsApp-Image-2025-07-04-at-3.53.41-PM-864x1536.webp 864w, https:\/\/esreviral.com\/wp-content\/uploads\/2025\/07\/WhatsApp-Image-2025-07-04-at-3.53.41-PM.webp 899w\" sizes=\"(max-width: 576px) 100vw, 576px\" \/><figcaption class=\"wp-element-caption\">As\u00ed se vivi\u00f3 la jornada<\/figcaption><\/figure>\n\n\n\n<p>Esta es la primera jornada y no descartan hacer pr\u00f3ximas en las siguientes semanas para ayudar a m\u00e1s personas ya que son bastantes familias de migrantes que est\u00e1n arribando al pa\u00eds.<strong> \u00abEstamos en constante trabajo<\/strong>, aunque muchas veces no publicamos o no hagamos jornadas extraordinarias, diariamente atendemos personas en esta situaci\u00f3n aunado a los del comedor\u00bb.<\/p>\n\n\n\n<p>Cabe destacar que este domingo 6 de julio a partir del mediod\u00eda <strong>se har\u00e1 un bingo solidario en Latinos VIP,<\/strong> Suipacha 130, donde se recolectar\u00e1n fondos para culminar el comedor y donde habr\u00e1 entre otros regalos, lentes de De \u00d3ptica, env\u00edos de paqueter\u00eda con Envios ETM, Entrada para el concierto de Desorden P\u00fablico y Jorge Celed\u00f3n.<\/p>\n\n\n\n<p><\/p>\n","protected":false},"excerpt":{"rendered":"<p>M\u00e1s de 64 familias venezolanas que recientemente llegaron a Argentina y que atraviesan su primer invierno en el pa\u00eds, fueron atendidos por la parroquia Caacup\u00e9 y la ONG Baires de Libertad, en la primera jornada de este temporada. Como es costumbre, la iglesia y Baires de Libertad realizan este tipo de jornadas para darle un [&hellip;]<\/p>\n","protected":false},"author":2,"featured_media":76666,"comment_status":"closed","ping_status":"closed","sticky":false,"template":"","format":"standard","meta":{"jnews-multi-image_gallery":[],"jnews_single_post":{"format":"standard"},"jnews_primary_category":[],"jnews_social_meta":[],"jnews_review":[],"enable_review":"","type":"","name":"","summary":"","brand":"","sku":"","good":[],"bad":[],"score_override":"","override_value":"","rating":[],"price":[],"jnews_override_counter":[],"jnews_post_split":[],"footnotes":""},"categories":[5892],"tags":[1373,894,45,677,67],"class_list":["post-76664","post","type-post","status-publish","format-standard","has-post-thumbnail","hentry","category-venezolanos-en-argentina","tag-baires-de-libertad","tag-ciudad-de-buenos-aires","tag-noticias","tag-parroquia-caacupe","tag-venezolanos-en-argentina"],"amp_enabled":true,"_links":{"self":[{"href":"https:\/\/esreviral.com\/index.php?rest_route=\/wp\/v2\/posts\/76664"}],"collection":[{"href":"https:\/\/esreviral.com\/index.php?rest_route=\/wp\/v2\/posts"}],"about":[{"href":"https:\/\/esreviral.com\/index.php?rest_route=\/wp\/v2\/types\/post"}],"author":[{"embeddable":true,"href":"https:\/\/esreviral.com\/index.php?rest_route=\/wp\/v2\/users\/2"}],"replies":[{"embeddable":true,"href":"https:\/\/esreviral.com\/index.php?rest_route=%2Fwp%2Fv2%2Fcomments&post=76664"}],"version-history":[{"count":2,"href":"https:\/\/esreviral.com\/index.php?rest_route=\/wp\/v2\/posts\/76664\/revisions"}],"predecessor-version":[{"id":76670,"href":"https:\/\/esreviral.com\/index.php?rest_route=\/wp\/v2\/posts\/76664\/revisions\/76670"}],"wp:featuredmedia":[{"embeddable":true,"href":"https:\/\/esreviral.com\/index.php?rest_route=\/wp\/v2\/media\/76666"}],"wp:attachment":[{"href":"https:\/\/esreviral.com\/index.php?rest_route=%2Fwp%2Fv2%2Fmedia&parent=76664"}],"wp:term":[{"taxonomy":"category","embeddable":true,"href":"https:\/\/esreviral.com\/index.php?rest_route=%2Fwp%2Fv2%2Fcategories&post=76664"},{"taxonomy":"post_tag","embeddable":true,"href":"https:\/\/esreviral.com\/index.php?rest_route=%2Fwp%2Fv2%2Ftags&post=76664"}],"curies":[{"name":"wp","href":"https:\/\/api.w.org\/{rel}","templated":true}]}}