{"id":76585,"date":"2025-07-04T08:13:40","date_gmt":"2025-07-04T13:13:40","guid":{"rendered":"https:\/\/esreviral.com\/?p=76585"},"modified":"2025-07-04T08:14:38","modified_gmt":"2025-07-04T13:14:38","slug":"que-hacer-gratuitamente-este-fin-de-semana-en-caba","status":"publish","type":"post","link":"https:\/\/esreviral.com\/?p=76585","title":{"rendered":"Qu\u00e9 hacer gratuitamente este fin de semana en CABA"},"content":{"rendered":"\n<p><strong>CafecitoBA<\/strong>, el evento que re\u00fane las&nbsp;<strong>mejores cafeter\u00edas de la Ciudad<\/strong>&nbsp;estar\u00e1 en la Plaza de las Naciones Unidas (Av. Figueroa Alcorta 2901) para disfrutar todas las variedades de caf\u00e9, pasteler\u00eda y opciones saladas. Se har\u00e1 el s\u00e1bado y el domingo, de 10 a 20.<\/p>\n\n\n\n<p><strong><mark style=\"background-color:rgba(0, 0, 0, 0)\" class=\"has-inline-color has-vivid-red-color\">El Troesma, un tributo a Gardel<\/mark><\/strong><\/p>\n\n\n\n<p>En la sala principal del Centro Cultural 25 de Mayo (Av. Triunvirato 4444) se presentar\u00e1 El Troesma, un espect\u00e1culo de&nbsp;<strong>m\u00fasica en vivo protagonizado por Marcelo Mazzarello<\/strong>&nbsp;que rinde tributo al legado art\u00edstico de Carlos Gardel a 90 a\u00f1os de su muerte. Habr\u00e1 funciones los s\u00e1bados a las 20 y los domingos a las 19 durante todo el mes de julio. Las entradas son gratuitas y con reserva previa a trav\u00e9s de la plataforma EntradasBA.<\/p>\n\n\n\n<p><strong><mark style=\"background-color:rgba(0, 0, 0, 0)\" class=\"has-inline-color has-vivid-red-color\">Caminos y Sabores, un cl\u00e1sico<\/mark><\/strong><\/p>\n\n\n\n<p>Llega una nueva edici\u00f3n del encuentro que celebra la diversidad cultural y gastron\u00f3mica del pa\u00eds con la presencia de&nbsp;<strong>productores regionales, cocineros, artesanos y emprendedores<\/strong>. La Ciudad participar\u00e1 con su stand para acercar los sabores tradicionales porte\u00f1os. Tendr\u00e1 lugar del jueves al domingo, de 12 a 20, en el predio de la Rural (Av. Sarmiento 2704). Las entradas se pueden comprar en&nbsp;<a href=\"http:\/\/caminosysabores.com.ar\/\" target=\"_blank\" rel=\"noreferrer noopener\">caminosysabores.com.ar<\/a>.<\/p>\n\n\n\n<p><strong>Mundos rom\u00e1nticos por la Filarm\u00f3nica<\/strong><\/p>\n\n\n\n<p>La Orquesta Filarm\u00f3nica de la Ciudad presentar\u00e1 el concierto Mundos Rom\u00e1nticos I, con la direcci\u00f3n musical de Zoe Zeniodi y con la pianista Anna Geniushene como solista. El repertorio estar\u00e1 compuesto de&nbsp;<strong>obras de Chaikovski y Louise Farrenc<\/strong>. Ser\u00e1 este viernes a las 20. Las entradas se pueden sacar en la boleter\u00eda del Teatro (Tucum\u00e1n 1171) o en&nbsp;<a href=\"http:\/\/www.teatrocolon.org.ar\/\" target=\"_blank\" rel=\"noreferrer noopener\">www.teatrocolon.org.ar<\/a>.<\/p>\n\n\n\n<figure class=\"wp-block-image size-large\"><img decoding=\"async\" src=\"https:\/\/ci3.googleusercontent.com\/meips\/ADKq_NZyjZnqWBtg3Tu1MjIAGDSCqYHfH-l4Nhomuh7w1DWqdS53sxP2cx4tMufbPPZknypf7Y06QZ2X0Il9KMQoHQwyvjwAclZ3bQSN_7By_gtcq4YrpIyn_pkjcf6Q1_CJPbm2gmth_QH8Pl3tq1PQ8BH8HlDgdHSOj5it4CskYvyInQ=s0-d-e1-ft#https:\/\/app2.dopplerfiles.com\/Users\/160762\/Campaigns\/13956900\/WhatsApp_Image_2025-07-03_at_12.03.05_PM.jpeg\" alt=\"\"\/><\/figure>\n\n\n\n<p><strong>Parque Patricios de feria<\/strong><\/p>\n\n\n\n<p>El Parque de los Patricios ser\u00e1 el escenario de una nueva edici\u00f3n de la Feria de las Regiones, una jornada para celebrar la riqueza cultural del pa\u00eds. Esta vez, se rendir\u00e1 homenaje al centro: habr\u00e1 m\u00e1s de&nbsp;<strong>30 expositores con productos regionales de C\u00f3rdoba, Santa Fe y Buenos Aires<\/strong>&nbsp;y espect\u00e1culos para disfrutar en familia. Se har\u00e1 el s\u00e1bado, de 11 a 17.<\/p>\n\n\n\n<p><strong>Fantasmas de la noche porte\u00f1a<\/strong><\/p>\n\n\n\n<p>Se inaugur\u00f3 en la FotoGaler\u00eda del Teatro San Mart\u00edn (Av. Corrientes 1530) la muestra \u201cNoct\u00e1mbula\u201d, de Paula Grandio. Se trata de una colecci\u00f3n de&nbsp;<strong>im\u00e1genes on\u00edricas, fantasmag\u00f3ricas e inquietantes<\/strong>&nbsp;de la nocturnidad porte\u00f1a. Se puede visitar de martes a domingo, de 14 a 20.<\/p>\n\n\n\n<p><strong>Pat\u00edn en el Parque Ol\u00edmpico<\/strong><\/p>\n\n\n\n<p>Este viernes y s\u00e1bado se har\u00e1 el cierre del Campeonato Panamericano de Pat\u00edn Art\u00edstico, una competencia que reuni\u00f3&nbsp;<strong>deportistas de m\u00e1s de 15 pa\u00edses en el flamante microestadio<\/strong>&nbsp;ubicado en el Pabell\u00f3n Europa del Parque Ol\u00edmpico (Av. Coronel Roca 5252). El torneo incluye tres categor\u00edas (Novatos, Promocionales y Naciones) y competencias para clubes y selecciones nacionales.<\/p>\n\n\n\n<p><strong>D\u00faos en la Usina<\/strong><\/p>\n\n\n\n<p>La Usina del Arte (Caffarena 1) ser\u00e1 la anfitriona de un nuevo ciclo que una vez por mes reunir\u00e1 reconocidos artistas de la escena nacional e internacional. Para su primera fecha, Estelle Revaz y Ana\u00efs Crestin tocar\u00e1n&nbsp;<strong>obras de Schumann, Popper, Jan\u00e1\u010dek, de Falla y Ginastera en violonchelo y piano<\/strong>. La presentaci\u00f3n es el s\u00e1bado a las 18. Las entradas se pueden reservar a trav\u00e9s de&nbsp;<a href=\"https:\/\/www.instagram.com\/usinadelarte\/\" target=\"_blank\" rel=\"noreferrer noopener\">https:\/\/www.instagram.com\/usinadelarte\/<\/a><\/p>\n\n\n\n<p><strong>Cuentos y juegos para chicos<\/strong><\/p>\n\n\n\n<p>El grupo musical Los Rockan presentar\u00e1n en la Usina del arte \u201cEl mundo de la ternura\u201d, un&nbsp;<strong>show de m\u00fasica, teatro, cuentos y juegos para los chicos<\/strong>. Se har\u00e1 este domingo a las 17 en la Usina del Arte (Caffarena 1). El acceso es con reserva previa a trav\u00e9s de&nbsp;<a href=\"https:\/\/www.instagram.com\/usinadelarte\/\" target=\"_blank\" rel=\"noreferrer noopener\">https:\/\/www.instagram.com\/usinadelarte\/<\/a><\/p>\n\n\n\n<p><strong>Billy Budd en el Col\u00f3n<\/strong><\/p>\n\n\n\n<p>La \u00f3pera compuesta por el&nbsp;<strong>indispensable Benjamin Britten<\/strong>&nbsp;contin\u00faa sus presentaciones en el primer coliseo de la Ciudad. Habr\u00e1 funciones este fin de semana y el martes, jueves y s\u00e1bado de la semana que viene. Las entradas se pueden comprar en la boleter\u00eda del Teatro (Tucum\u00e1n 1171) o en&nbsp;<a href=\"http:\/\/www.teatrocolon.org.ar\/\" target=\"_blank\" rel=\"noreferrer noopener\">www.teatrocolon.org.ar<\/a>.<\/p>\n\n\n\n<p><strong><mark style=\"background-color:rgba(0, 0, 0, 0)\" class=\"has-inline-color has-vivid-red-color\">D\u00eda de la Independencia en la Ciudad<\/mark><\/strong><\/p>\n\n\n\n<p>La Usina del Arte (Caffarena 1), el Centro Cultural 25 de Mayo (Av. Triunvirato 4444) y el Museo Hist\u00f3rico Cornelio Saavedra (Cris\u00f3logo Larralde 6309) preparan para el 9 de Julio distintas actividades especiales para celebrar el D\u00eda de la Independencia. Tambi\u00e9n se har\u00e1 una edici\u00f3n especial de la tradicional Feria de Mataderos, con comidas t\u00edpicas y m\u00fasica en vivo. Tendr\u00e1 lugar de 11 a 19 en Av. de los Corrales y Av. Lisandro de la Torre. Adem\u00e1s,&nbsp;<strong>volver\u00e1n a rodar los vagones de Las Brujas<\/strong>, los emblem\u00e1ticos coches de la L\u00ednea A. Ser\u00e1 el martes 8 a las 23.45. El cupo es limitado y por sorteo, a trav\u00e9s de&nbsp;<a href=\"https:\/\/www.instagram.com\/basubte\/\" target=\"_blank\" rel=\"noreferrer noopener\">https:\/\/www.instagram.com\/basubte\/<\/a>.<\/p>\n","protected":false},"excerpt":{"rendered":"<p>CafecitoBA, el evento que re\u00fane las&nbsp;mejores cafeter\u00edas de la Ciudad&nbsp;estar\u00e1 en la Plaza de las Naciones Unidas (Av. Figueroa Alcorta 2901) para disfrutar todas las variedades de caf\u00e9, pasteler\u00eda y opciones saladas. Se har\u00e1 el s\u00e1bado y el domingo, de 10 a 20. El Troesma, un tributo a Gardel En la sala principal del Centro [&hellip;]<\/p>\n","protected":false},"author":2,"featured_media":76587,"comment_status":"closed","ping_status":"closed","sticky":false,"template":"","format":"standard","meta":{"jnews-multi-image_gallery":[],"jnews_single_post":{"format":"standard"},"jnews_primary_category":[],"jnews_social_meta":[],"jnews_review":[],"enable_review":"","type":"","name":"","summary":"","brand":"","sku":"","good":[],"bad":[],"score_override":"","override_value":"","rating":[],"price":[],"jnews_override_counter":[],"jnews_post_split":[],"footnotes":""},"categories":[58],"tags":[44,124,894,2716,1327,45,32629],"class_list":["post-76585","post","type-post","status-publish","format-standard","has-post-thumbnail","hentry","category-argentina","tag-argentina","tag-buenos-aires","tag-ciudad-de-buenos-aires","tag-fin-de-semana","tag-jorge-macri","tag-noticias","tag-que-hacer"],"amp_enabled":true,"_links":{"self":[{"href":"https:\/\/esreviral.com\/index.php?rest_route=\/wp\/v2\/posts\/76585"}],"collection":[{"href":"https:\/\/esreviral.com\/index.php?rest_route=\/wp\/v2\/posts"}],"about":[{"href":"https:\/\/esreviral.com\/index.php?rest_route=\/wp\/v2\/types\/post"}],"author":[{"embeddable":true,"href":"https:\/\/esreviral.com\/index.php?rest_route=\/wp\/v2\/users\/2"}],"replies":[{"embeddable":true,"href":"https:\/\/esreviral.com\/index.php?rest_route=%2Fwp%2Fv2%2Fcomments&post=76585"}],"version-history":[{"count":2,"href":"https:\/\/esreviral.com\/index.php?rest_route=\/wp\/v2\/posts\/76585\/revisions"}],"predecessor-version":[{"id":76589,"href":"https:\/\/esreviral.com\/index.php?rest_route=\/wp\/v2\/posts\/76585\/revisions\/76589"}],"wp:featuredmedia":[{"embeddable":true,"href":"https:\/\/esreviral.com\/index.php?rest_route=\/wp\/v2\/media\/76587"}],"wp:attachment":[{"href":"https:\/\/esreviral.com\/index.php?rest_route=%2Fwp%2Fv2%2Fmedia&parent=76585"}],"wp:term":[{"taxonomy":"category","embeddable":true,"href":"https:\/\/esreviral.com\/index.php?rest_route=%2Fwp%2Fv2%2Fcategories&post=76585"},{"taxonomy":"post_tag","embeddable":true,"href":"https:\/\/esreviral.com\/index.php?rest_route=%2Fwp%2Fv2%2Ftags&post=76585"}],"curies":[{"name":"wp","href":"https:\/\/api.w.org\/{rel}","templated":true}]}}