{"id":76568,"date":"2025-07-04T07:33:11","date_gmt":"2025-07-04T12:33:11","guid":{"rendered":"https:\/\/esreviral.com\/?p=76568"},"modified":"2025-07-04T07:33:12","modified_gmt":"2025-07-04T12:33:12","slug":"le-cancelaron-la-ciudadania-venezolana-al-actor-daniel-elbittar","status":"publish","type":"post","link":"https:\/\/esreviral.com\/?p=76568","title":{"rendered":"Le cancelaron la ciudadan\u00eda venezolana al actor Daniel Elbittar"},"content":{"rendered":"\n<p>En un nuevo episodio de censura y persecuci\u00f3n pol\u00edtica por parte del Gobierno venezolano, el reconocido <strong>actor Daniel Elbittar <\/strong>fue notificado oficialmente de la <strong>cancelaci\u00f3n de su ciudadan\u00eda venezolana y de su pasaporte<\/strong>, en represalia por haber expresado p\u00fablicamente su rechazo a las pol\u00edticas del actual gobierno.<\/p>\n\n\n\n<p class=\"has-text-align-center\"><em><strong><em><strong><em><strong><em><strong><a href=\"https:\/\/t.me\/esreviral\">\u00daNETE A NUESTRO CANAL DE TELEGRAM PARA ESTAR INFORMADO<\/a><\/strong><\/em><\/strong><\/em><\/strong><\/em><\/strong><\/em><\/p>\n\n\n\n<p>La medida, condenada por organizaciones internacionales como un acto <strong>autoritario y retaliativo<\/strong>, busca silenciar a una de las voces m\u00e1s visibles y comprometidas del exilio art\u00edstico venezolano. Sin embargo, lejos de intimidarlo, esta acci\u00f3n ha fortalecido a\u00fan m\u00e1s su determinaci\u00f3n.<\/p>\n\n\n\n<blockquote class=\"wp-block-quote is-layout-flow wp-block-quote-is-layout-flow\">\n<p>\u201c<strong><em>Hoy me arrebatan mi nacionalidad, mi identidad legal como venezolano, pero jam\u00e1s podr\u00e1n quitarme la voz ni el amor por mi tierra. No se necesita un pasaporte para denunciar la injusticia, se necesita dignidad. Y eso, gracias a mis padres y a mi conciencia, me sobra<\/em><\/strong>\u201d, expres\u00f3 Elbittar con firmeza.<\/p>\n<\/blockquote>\n\n\n\n<p>Diversas figuras del espect\u00e1culo, l\u00edderes de opini\u00f3n y defensores de derechos humanos se han solidarizado con el actor, quien ha construido una <strong>s\u00f3lida carrera internacional<\/strong> sin abandonar sus ra\u00edces ni su compromiso con la verdad.<\/p>\n\n\n\n<p>Actualmente coprotagonista de <em>Amanecer<\/em>, la nueva telenovela de <strong>TelevisaUnivision<\/strong>, Elbittar reiter\u00f3 que seguir\u00e1 utilizando su plataforma para <strong>denunciar las injusticias y defender la libertad de expresi\u00f3n<\/strong>, especialmente en nombre de quienes no tienen voz.<\/p>\n\n\n\n<p class=\"has-text-align-center\"><strong><a href=\"https:\/\/chat.whatsapp.com\/KWkTmakY3I05kNdd2oZl6d\"><em>\u00daNETE A NUESTRO GRUPO DE WHATSAPP PARA ESTAR INFORMADO<\/em><\/a><\/strong><\/p>\n\n\n\n<p><\/p>\n\n\n\n<p class=\"has-text-align-right\"><strong><em>Prensa L\u00edderes Latinos<\/em><\/strong><strong><em>.-<\/em><\/strong><\/p>\n","protected":false},"excerpt":{"rendered":"<p>Daniel Elbittar no podr\u00e1 volver a su pa\u00eds natal. Al actor le fue cancelada su ciudadan\u00eda venezolana por \u00f3rdenes del gobierno de Nicol\u00e1s Maduro. \u00abJam\u00e1s podr\u00e1n quitarme la voz\u00bb, expres\u00f3.<\/p>\n","protected":false},"author":3,"featured_media":76570,"comment_status":"closed","ping_status":"closed","sticky":false,"template":"","format":"standard","meta":{"jnews-multi-image_gallery":[],"jnews_single_post":{"format":"standard"},"jnews_primary_category":[],"jnews_social_meta":[],"jnews_review":[],"enable_review":"","type":"","name":"","summary":"","brand":"","sku":"","good":[],"bad":[],"score_override":"","override_value":"","rating":[],"price":[],"jnews_override_counter":[],"jnews_post_split":[],"footnotes":""},"categories":[50],"tags":[32606,32607,1085,31625,45],"class_list":["post-76568","post","type-post","status-publish","format-standard","has-post-thumbnail","hentry","category-entretenimiento","tag-actor-daniel-elbittar","tag-ciudadania-venezolana","tag-daniel-elbittar","tag-nacionalidad-venezolana","tag-noticias"],"amp_enabled":true,"_links":{"self":[{"href":"https:\/\/esreviral.com\/index.php?rest_route=\/wp\/v2\/posts\/76568"}],"collection":[{"href":"https:\/\/esreviral.com\/index.php?rest_route=\/wp\/v2\/posts"}],"about":[{"href":"https:\/\/esreviral.com\/index.php?rest_route=\/wp\/v2\/types\/post"}],"author":[{"embeddable":true,"href":"https:\/\/esreviral.com\/index.php?rest_route=\/wp\/v2\/users\/3"}],"replies":[{"embeddable":true,"href":"https:\/\/esreviral.com\/index.php?rest_route=%2Fwp%2Fv2%2Fcomments&post=76568"}],"version-history":[{"count":1,"href":"https:\/\/esreviral.com\/index.php?rest_route=\/wp\/v2\/posts\/76568\/revisions"}],"predecessor-version":[{"id":76571,"href":"https:\/\/esreviral.com\/index.php?rest_route=\/wp\/v2\/posts\/76568\/revisions\/76571"}],"wp:featuredmedia":[{"embeddable":true,"href":"https:\/\/esreviral.com\/index.php?rest_route=\/wp\/v2\/media\/76570"}],"wp:attachment":[{"href":"https:\/\/esreviral.com\/index.php?rest_route=%2Fwp%2Fv2%2Fmedia&parent=76568"}],"wp:term":[{"taxonomy":"category","embeddable":true,"href":"https:\/\/esreviral.com\/index.php?rest_route=%2Fwp%2Fv2%2Fcategories&post=76568"},{"taxonomy":"post_tag","embeddable":true,"href":"https:\/\/esreviral.com\/index.php?rest_route=%2Fwp%2Fv2%2Ftags&post=76568"}],"curies":[{"name":"wp","href":"https:\/\/api.w.org\/{rel}","templated":true}]}}