{"id":76561,"date":"2025-07-03T14:23:50","date_gmt":"2025-07-03T19:23:50","guid":{"rendered":"https:\/\/esreviral.com\/?p=76561"},"modified":"2025-07-03T14:23:52","modified_gmt":"2025-07-03T19:23:52","slug":"mato-a-un-ciclista-escapo-y-abandono-la-camioneta-pero-lo-detuvieron-horas-despues","status":"publish","type":"post","link":"https:\/\/esreviral.com\/?p=76561","title":{"rendered":"Mat\u00f3 a un ciclista, escap\u00f3 y abandon\u00f3 la camioneta, pero lo detuvieron horas despu\u00e9s"},"content":{"rendered":"\n<p><strong>\u00abLo siguieron por las c\u00e1maras de seguridad, lo vieron entrar al domicilio donde est\u00e1 registrada la camioneta y esperaron a que saliera: ah\u00ed lo atraparon\u00bb<\/strong>, revelaron fuentes oficiales sobre el operativo que permiti\u00f3 detener al conductor que atropell\u00f3 y mat\u00f3 a un ciclista en el barrio porte\u00f1o de Palermo, para luego huir sin prestarle auxilio.<\/p>\n\n\n\n<p>El sospechoso, de 37 a\u00f1os de edad, es el due\u00f1o registrado de la camioneta Toyota involucrada en el hecho. Fue detenido en las \u00faltimas horas por la Polic\u00eda de la Ciudad, acusado de haber estado al volante del veh\u00edculo que este jueves por la ma\u00f1ana embisti\u00f3 a un ciclista en la intersecci\u00f3n de Las Heras y Ugarteche.<\/p>\n\n\n\n<p><strong>La v\u00edctima fue identificada como Manuel Enrique, un ciudadano uruguayo de 69 a\u00f1os de edad, que muri\u00f3 en el lugar del impacto.<\/strong><\/p>\n\n\n\n<p class=\"has-text-align-center\"><em><strong><em><strong><em><strong><em><strong><a href=\"https:\/\/t.me\/esreviral\">\u00daNETE A NUESTRO CANAL DE TELEGRAM PARA ESTAR INFORMADO<\/a><\/strong><\/em><\/strong><\/em><\/strong><\/em><\/strong><\/em><\/p>\n\n\n\n<blockquote class=\"twitter-tweet\"><p lang=\"es\" dir=\"ltr\">\ud83d\udea8 \ud83c\udde6\ud83c\uddf7Cay\u00f3 el pr\u00f3fugo que atropell\u00f3 y mat\u00f3 a un ciclista en Palermo<br><br>La Polic\u00eda de la Ciudad logr\u00f3 detener al conductor de la camioneta gracias a las c\u00e1maras de seguridad. <br><br>Estaba pr\u00f3fugo desde el tr\u00e1gico hecho. <a href=\"https:\/\/t.co\/HkOCEXQx7c\">pic.twitter.com\/HkOCEXQx7c<\/a><\/p>&mdash; ES RE VIRAL (@esreviral) <a href=\"https:\/\/twitter.com\/esreviral\/status\/1940851994165711302?ref_src=twsrc%5Etfw\">July 3, 2025<\/a><\/blockquote> <script async src=\"https:\/\/platform.twitter.com\/widgets.js\" charset=\"utf-8\"><\/script>\n\n\n\n<p><\/p>\n\n\n\n<p>La detenci\u00f3n se concret\u00f3 tras un operativo conjunto entre agentes de Investigaciones y operadores del Centro de Monitoreo Urbano (CMU). A partir del an\u00e1lisis de las c\u00e1maras de seguridad, lograron identificar<strong> a un hombre que abandonaba la camioneta en la zona de Juli\u00e1n \u00c1lvarez y Juncal, sobre un cord\u00f3n amarillo y a metros del Parque Las Heras.<\/strong><\/p>\n\n\n\n<p>El veh\u00edculo presentaba da\u00f1os visibles: el cap\u00f3 estaba completamente doblado y hab\u00eda partes despintadas, indicios que facilitaron la reconstrucci\u00f3n del recorrido del sospechoso. Con esos datos, los investigadores establecieron el punto donde se dej\u00f3 el rodado y montaron un seguimiento en tiempo real.<\/p>\n\n\n\n<p>Poco despu\u00e9s, el conductor fue interceptado y detenido en la calle Beruti al 3800, a escasos metros del lugar donde hab\u00eda abandonado la camioneta.<\/p>\n\n\n\n<p>La causa qued\u00f3 a cargo del Juzgado Nacional en lo Criminal y Correccional N\u00b01, conducido por el juez Pablo Recchini, con intervenci\u00f3n de la Secretar\u00eda N\u00b0105 y la Fiscal\u00eda Nacional en lo Criminal y Correccional N\u00b030.<\/p>\n\n\n<div class=\"wp-block-image\">\n<figure class=\"aligncenter size-large\"><img decoding=\"async\" src=\"https:\/\/www.infobae.com\/resizer\/v2\/PMQUOX2HGZER7GEYQ3T4BAF3EM.jpg?auth=d655eac4e9c8178b5e10c57c0842e352d14959445cf8c1f4b82a0a7b6d55fc46&amp;smart=true&amp;width=992&amp;quality=85\" alt=\"\"\/><\/figure><\/div>\n\n\n<p class=\"has-text-align-center\"><strong><em>La camioneta Toyota Gris encontrada en Juli\u00e1n \u00c1lvarez y Juncal y que est\u00e1 sospechada de haber participado en la muerte del ciclista.-<\/em><\/strong><\/p>\n\n\n\n<h3 class=\"wp-block-heading\"><strong><mark style=\"background-color:rgba(0, 0, 0, 0)\" class=\"has-inline-color has-vivid-red-color\">Otro hecho tr\u00e1gico en Palermo<\/mark><\/strong><\/h3>\n\n\n\n<p>Este no fue el \u00fanico episodio fatal ocurrido esa ma\u00f1ana en Palermo. <strong><a href=\"https:\/\/esreviral.com\/?p=76525\" data-type=\"link\" data-id=\"https:\/\/esreviral.com\/?p=76525\">M\u00e1s temprano, un motociclista de 26 a\u00f1os de edad, identificado como Blossierts Chacaltana Diego Paolo, muri\u00f3 tras ser embestido por un delincuente que escapaba de la Polic\u00eda en una camioneta robada.<\/a><\/strong><\/p>\n\n\n\n<p>Todo comenz\u00f3 con un llamado al 911 que alert\u00f3 sobre el robo de una Toyota Hilux en la esquina de Costa Rica y \u00c1ngel Justiniano Carranza. Personal de la Comisar\u00eda Vecinal 14 acudi\u00f3 al lugar y localiz\u00f3 a uno de los sospechosos a bordo de un Peugeot 208, que al notar la presencia policial subi\u00f3 a la vereda para huir. Al mismo tiempo, el segundo implicado, que conduc\u00eda la Hilux, atropell\u00f3 a un agente policial mientras intentaba escapar.<\/p>\n\n\n\n<p>El Peugeot fue abandonado a pocas cuadras, mientras que el conductor de la camioneta continu\u00f3 su fuga. En Godoy Cruz choc\u00f3 contra un Toyota Camry y embisti\u00f3 al motociclista, que falleci\u00f3 en el acto. Luego, el pr\u00f3fugo sigui\u00f3 huyendo hasta estrellarse contra un Volkswagen Passat estacionado en Niceto Vega y Uriarte, donde finalmente fue detenido tras intentar escapar a pie.<\/p>\n\n\n\n<p>Al momento del arresto, el sospechoso \u2014<strong>identificado como Ger\u00f3nimo Carlos Franco, de 34 a\u00f1os de edad<\/strong>\u2014 ten\u00eda en su poder una llave y una plaqueta electr\u00f3nica con el logo de Toyota. El polic\u00eda atropellado fue trasladado al Hospital Fern\u00e1ndez, donde se encuentra fuera de peligro, aunque con politraumatismos.<\/p>\n\n\n\n<p>La causa est\u00e1 en manos del mismo Juzgado Criminal y Correccional N\u00b01. Franco fue imputado por los delitos de <strong>homicidio, robo automotor y lesiones<\/strong>, y su indagatoria est\u00e1 prevista para el viernes. Se aguarda, adem\u00e1s, el an\u00e1lisis completo de las im\u00e1genes de las c\u00e1maras de seguridad.<\/p>\n\n\n\n<p class=\"has-text-align-center\"><strong><a href=\"https:\/\/chat.whatsapp.com\/KWkTmakY3I05kNdd2oZl6d\"><em>\u00daNETE A NUESTRO GRUPO DE WHATSAPP PARA ESTAR INFORMADO<\/em><\/a><\/strong><\/p>\n\n\n\n<p class=\"has-text-align-right\"><em><strong>Con Informaci\u00f3n de infobae.com.-<\/strong><\/em><\/p>\n","protected":false},"excerpt":{"rendered":"<p>El hecho ocurri\u00f3 en Ugarteche y Avenida General Las Heras. Al automovilista que abandon\u00f3 el veh\u00edculo a pocos metros del siniestro lo encontraron por las c\u00e1maras de seguridad<\/p>\n","protected":false},"author":3,"featured_media":76563,"comment_status":"closed","ping_status":"closed","sticky":false,"template":"","format":"standard","meta":{"jnews-multi-image_gallery":[],"jnews_single_post":{"format":"standard"},"jnews_primary_category":[],"jnews_social_meta":[],"jnews_review":[],"enable_review":"","type":"","name":"","summary":"","brand":"","sku":"","good":[],"bad":[],"score_override":"","override_value":"","rating":[],"price":[],"jnews_override_counter":[],"jnews_post_split":[],"footnotes":""},"categories":[58,64],"tags":[3651,44,45,784,32600],"class_list":["post-76561","post","type-post","status-publish","format-standard","has-post-thumbnail","hentry","category-argentina","category-sucesos","tag-accidentes-de-transito","tag-argentina","tag-noticias","tag-palermo","tag-siniestros-viales"],"amp_enabled":true,"_links":{"self":[{"href":"https:\/\/esreviral.com\/index.php?rest_route=\/wp\/v2\/posts\/76561"}],"collection":[{"href":"https:\/\/esreviral.com\/index.php?rest_route=\/wp\/v2\/posts"}],"about":[{"href":"https:\/\/esreviral.com\/index.php?rest_route=\/wp\/v2\/types\/post"}],"author":[{"embeddable":true,"href":"https:\/\/esreviral.com\/index.php?rest_route=\/wp\/v2\/users\/3"}],"replies":[{"embeddable":true,"href":"https:\/\/esreviral.com\/index.php?rest_route=%2Fwp%2Fv2%2Fcomments&post=76561"}],"version-history":[{"count":1,"href":"https:\/\/esreviral.com\/index.php?rest_route=\/wp\/v2\/posts\/76561\/revisions"}],"predecessor-version":[{"id":76564,"href":"https:\/\/esreviral.com\/index.php?rest_route=\/wp\/v2\/posts\/76561\/revisions\/76564"}],"wp:featuredmedia":[{"embeddable":true,"href":"https:\/\/esreviral.com\/index.php?rest_route=\/wp\/v2\/media\/76563"}],"wp:attachment":[{"href":"https:\/\/esreviral.com\/index.php?rest_route=%2Fwp%2Fv2%2Fmedia&parent=76561"}],"wp:term":[{"taxonomy":"category","embeddable":true,"href":"https:\/\/esreviral.com\/index.php?rest_route=%2Fwp%2Fv2%2Fcategories&post=76561"},{"taxonomy":"post_tag","embeddable":true,"href":"https:\/\/esreviral.com\/index.php?rest_route=%2Fwp%2Fv2%2Ftags&post=76561"}],"curies":[{"name":"wp","href":"https:\/\/api.w.org\/{rel}","templated":true}]}}