{"id":76499,"date":"2025-07-02T14:46:57","date_gmt":"2025-07-02T19:46:57","guid":{"rendered":"https:\/\/esreviral.com\/?p=76499"},"modified":"2025-07-02T14:48:48","modified_gmt":"2025-07-02T19:48:48","slug":"migracion-colombia-realizara-una-jornada-de-entregar-del-ppt-para-venezolanos","status":"publish","type":"post","link":"https:\/\/esreviral.com\/?p=76499","title":{"rendered":"Migraci\u00f3n Colombia realizar\u00e1 una jornada de entrega del PPT para venezolanos"},"content":{"rendered":"\n<p>Migraci\u00f3n Colombia anunci\u00f3 que este viernes 4 de julio llevar\u00e1 a cabo una jornada especial de entrega de Permisos por Protecci\u00f3n Temporal (PPT) dirigida a migrantes venezolanos. El operativo se desarrollar\u00e1 entre las 8:00 a.&nbsp;m. y las 12:00 p.&nbsp;m. en el Polideportivo de Pinares de Oriente, ubicado en el sector Porf\u00eda de Villavicencio.<\/p>\n\n\n\n<p>La actividad fue anunciada a trav\u00e9s de la cuenta oficial en X de Migraci\u00f3n Colombia, bajo el lema: <strong>\u201cJornada de atenci\u00f3n a la poblaci\u00f3n migrante venezolana escolarizada\u201d<\/strong>. El evento cuenta con el apoyo de la Alcald\u00eda de Villavicencio, la Personer\u00eda Municipal y varias instituciones de salud.<\/p>\n\n\n\n<p>Hasta el momento, el organismo no ha informado sobre operativos similares en otras regiones del pa\u00eds.<\/p>\n\n\n\n<p class=\"has-text-align-center\"><em><strong><em><strong><em><strong><em><strong><a href=\"https:\/\/t.me\/esreviral\">\u00daNETE A NUESTRO CANAL DE TELEGRAM PARA ESTAR INFORMADO<\/a><\/strong><\/em><\/strong><\/em><\/strong><\/em><\/strong><\/em><\/p>\n\n\n\n<h3 class=\"wp-block-heading\"><strong><mark style=\"background-color:rgba(0, 0, 0, 0)\" class=\"has-inline-color has-vivid-red-color\">\u00bfPor qu\u00e9 es importante tramitar el PPT?<\/mark><\/strong><\/h3>\n\n\n\n<p>Migraci\u00f3n Colombia ha reiterado la importancia de que los ciudadanos venezolanos regularicen su estatus a trav\u00e9s del Permiso por Protecci\u00f3n Temporal, ya que este documento permite el acceso a servicios esenciales como salud, educaci\u00f3n, empleo formal, bancarizaci\u00f3n y al Sistema de Identificaci\u00f3n de Potenciales Beneficiarios de Programas Sociales (Sisb\u00e9n). El PPT tiene una vigencia de hasta 10 a\u00f1os.<\/p>\n\n\n\n<p>En este sentido, la autoridad migratoria ha organizado m\u00faltiples jornadas presenciales y ferias de servicios, adem\u00e1s de ofrecer orientaci\u00f3n virtual a trav\u00e9s de sus cuentas oficiales en Facebook y YouTube.<\/p>\n\n\n\n<p>Asimismo, la Canciller\u00eda de Colombia ha insistido en el llamado a los migrantes y refugiados venezolanos a completar los tr\u00e1mites correspondientes, para garantizar su libre tr\u00e1nsito dentro del pa\u00eds y acceder a los beneficios establecidos por el Estado colombiano.<\/p>\n\n\n\n<h3 class=\"wp-block-heading\"><strong><mark style=\"background-color:rgba(0, 0, 0, 0)\" class=\"has-inline-color has-vivid-red-color\">Jornadas presenciales y seguimiento<\/mark><\/strong><\/h3>\n\n\n\n<p>Migraci\u00f3n Colombia habilita regularmente espacios presenciales en distintas regiones para facilitar la entrega del PPT. Las fechas, horarios y lugares de estas jornadas son difundidos por los canales oficiales del organismo, especialmente a trav\u00e9s de su cuenta en X (@MigracionCol).<\/p>\n\n\n\n<p>La medida forma parte de una estrategia orientada a promover una migraci\u00f3n <strong>ordenada, regular, segura y humanitaria<\/strong>, asegurando tanto el bienestar de la poblaci\u00f3n venezolana como la organizaci\u00f3n del sistema de atenci\u00f3n en el pa\u00eds.<\/p>\n\n\n\n<p class=\"has-text-align-center\"><strong><a href=\"https:\/\/chat.whatsapp.com\/KWkTmakY3I05kNdd2oZl6d\"><em>\u00daNETE A NUESTRO GRUPO DE WHATSAPP PARA ESTAR INFORMADO<\/em><\/a><\/strong><\/p>\n\n\n\n<p class=\"has-text-align-right\"><em><strong>Con Informaci\u00f3n de\u00a0eldiario.com.-<\/strong><\/em><\/p>\n","protected":false},"excerpt":{"rendered":"<p>El operativo est\u00e1 dirigido a la poblaci\u00f3n venezolana escolarizada<\/p>\n","protected":false},"author":3,"featured_media":76500,"comment_status":"closed","ping_status":"closed","sticky":false,"template":"","format":"standard","meta":{"jnews-multi-image_gallery":[],"jnews_single_post":{"format":"standard"},"jnews_primary_category":[],"jnews_social_meta":[],"jnews_review":[],"enable_review":"","type":"","name":"","summary":"","brand":"","sku":"","good":[],"bad":[],"score_override":"","override_value":"","rating":[],"price":[],"jnews_override_counter":[],"jnews_post_split":[],"footnotes":""},"categories":[54],"tags":[283,6594,2052,13481],"class_list":["post-76499","post","type-post","status-publish","format-standard","has-post-thumbnail","hentry","category-inmigracion","tag-colombia","tag-migracion-colombia","tag-migrantes-venezolanos","tag-ppt"],"amp_enabled":true,"_links":{"self":[{"href":"https:\/\/esreviral.com\/index.php?rest_route=\/wp\/v2\/posts\/76499"}],"collection":[{"href":"https:\/\/esreviral.com\/index.php?rest_route=\/wp\/v2\/posts"}],"about":[{"href":"https:\/\/esreviral.com\/index.php?rest_route=\/wp\/v2\/types\/post"}],"author":[{"embeddable":true,"href":"https:\/\/esreviral.com\/index.php?rest_route=\/wp\/v2\/users\/3"}],"replies":[{"embeddable":true,"href":"https:\/\/esreviral.com\/index.php?rest_route=%2Fwp%2Fv2%2Fcomments&post=76499"}],"version-history":[{"count":2,"href":"https:\/\/esreviral.com\/index.php?rest_route=\/wp\/v2\/posts\/76499\/revisions"}],"predecessor-version":[{"id":76502,"href":"https:\/\/esreviral.com\/index.php?rest_route=\/wp\/v2\/posts\/76499\/revisions\/76502"}],"wp:featuredmedia":[{"embeddable":true,"href":"https:\/\/esreviral.com\/index.php?rest_route=\/wp\/v2\/media\/76500"}],"wp:attachment":[{"href":"https:\/\/esreviral.com\/index.php?rest_route=%2Fwp%2Fv2%2Fmedia&parent=76499"}],"wp:term":[{"taxonomy":"category","embeddable":true,"href":"https:\/\/esreviral.com\/index.php?rest_route=%2Fwp%2Fv2%2Fcategories&post=76499"},{"taxonomy":"post_tag","embeddable":true,"href":"https:\/\/esreviral.com\/index.php?rest_route=%2Fwp%2Fv2%2Ftags&post=76499"}],"curies":[{"name":"wp","href":"https:\/\/api.w.org\/{rel}","templated":true}]}}