{"id":7647,"date":"2021-06-17T16:10:43","date_gmt":"2021-06-17T19:10:43","guid":{"rendered":"http:\/\/esreviral.com\/?p=7647"},"modified":"2021-06-17T16:10:43","modified_gmt":"2021-06-17T19:10:43","slug":"partido-politico-argentino-publica-video-donde-explican-la-crisis-venezolana","status":"publish","type":"post","link":"https:\/\/esreviral.com\/?p=7647","title":{"rendered":"Partido pol\u00edtico argentino publica video d\u00f3nde explican la crisis venezolana"},"content":{"rendered":"\n<p>Miguel \u00c1ngel Mart\u00ednez, el joven venezolano radicado en Argentina, luchador por la democracia de su pa\u00eds, es quien presenta el video, donde explica la situaci\u00f3n actual de la naci\u00f3n, desde el \u00e1mbito pol\u00edtico hasta los presos pol\u00edticos. <\/p>\n\n\n\n<p>El proyecto en conjunto con el partido pol\u00edtico PRO, muestra la realidad para demostrar, seg\u00fan ellos, porqu\u00e9 Argentina debi\u00f3 votar en la Corte Penal Internacional para que contin\u00fae la investigaci\u00f3n de violaci\u00f3n de derechos humanos contra Nicol\u00e1s Maduro. <\/p>\n\n\n\n<figure class=\"wp-block-embed-twitter wp-block-embed is-type-rich is-provider-twitter\"><div class=\"wp-block-embed__wrapper\">\n<blockquote class=\"twitter-tweet\" data-width=\"500\" data-dnt=\"true\"><p lang=\"es\" dir=\"ltr\">A LAS DICTADURAS SE LAS CONDENA\u2026SIEMPRE<br><br>Hace unas semanas, el gobierno argentino retir\u00f3 la acusaci\u00f3n contra Venezuela ante la Corte Penal Internacional de La Haya. La situaci\u00f3n es tr\u00e1gica y no condenar lo que all\u00ed sucede es avalarlo. <a href=\"https:\/\/t.co\/gcsw27cIt6\">pic.twitter.com\/gcsw27cIt6<\/a><\/p>&mdash; PRO (@proargentina) <a href=\"https:\/\/twitter.com\/proargentina\/status\/1405547340614754306?ref_src=twsrc%5Etfw\">June 17, 2021<\/a><\/blockquote><script async src=\"https:\/\/platform.twitter.com\/widgets.js\" charset=\"utf-8\"><\/script>\n<\/div><\/figure>\n","protected":false},"excerpt":{"rendered":"<p>Miguel \u00c1ngel Mart\u00ednez, el joven venezolano radicado en Argentina, luchador por la democracia de su pa\u00eds, es quien presenta el video, donde explica la situaci\u00f3n actual de la naci\u00f3n, desde el \u00e1mbito pol\u00edtico hasta los presos pol\u00edticos. El proyecto en conjunto con el partido pol\u00edtico PRO, muestra la realidad para demostrar, seg\u00fan ellos, porqu\u00e9 Argentina [&hellip;]<\/p>\n","protected":false},"author":2,"featured_media":7648,"comment_status":"open","ping_status":"open","sticky":false,"template":"","format":"standard","meta":{"jnews-multi-image_gallery":[],"jnews_single_post":[],"jnews_primary_category":[],"jnews_social_meta":[],"jnews_review":[],"enable_review":"","type":"","name":"","summary":"","brand":"","sku":"","good":[],"bad":[],"score_override":"","override_value":"","rating":[],"price":[],"jnews_override_counter":[],"jnews_post_split":[],"footnotes":""},"categories":[58,59],"tags":[45,431,67],"class_list":["post-7647","post","type-post","status-publish","format-standard","has-post-thumbnail","hentry","category-argentina","category-politica","tag-noticias","tag-politica-2","tag-venezolanos-en-argentina"],"amp_enabled":true,"_links":{"self":[{"href":"https:\/\/esreviral.com\/index.php?rest_route=\/wp\/v2\/posts\/7647"}],"collection":[{"href":"https:\/\/esreviral.com\/index.php?rest_route=\/wp\/v2\/posts"}],"about":[{"href":"https:\/\/esreviral.com\/index.php?rest_route=\/wp\/v2\/types\/post"}],"author":[{"embeddable":true,"href":"https:\/\/esreviral.com\/index.php?rest_route=\/wp\/v2\/users\/2"}],"replies":[{"embeddable":true,"href":"https:\/\/esreviral.com\/index.php?rest_route=%2Fwp%2Fv2%2Fcomments&post=7647"}],"version-history":[{"count":0,"href":"https:\/\/esreviral.com\/index.php?rest_route=\/wp\/v2\/posts\/7647\/revisions"}],"wp:featuredmedia":[{"embeddable":true,"href":"https:\/\/esreviral.com\/index.php?rest_route=\/"}],"wp:attachment":[{"href":"https:\/\/esreviral.com\/index.php?rest_route=%2Fwp%2Fv2%2Fmedia&parent=7647"}],"wp:term":[{"taxonomy":"category","embeddable":true,"href":"https:\/\/esreviral.com\/index.php?rest_route=%2Fwp%2Fv2%2Fcategories&post=7647"},{"taxonomy":"post_tag","embeddable":true,"href":"https:\/\/esreviral.com\/index.php?rest_route=%2Fwp%2Fv2%2Ftags&post=7647"}],"curies":[{"name":"wp","href":"https:\/\/api.w.org\/{rel}","templated":true}]}}