{"id":76441,"date":"2025-07-02T06:43:46","date_gmt":"2025-07-02T11:43:46","guid":{"rendered":"https:\/\/esreviral.com\/?p=76441"},"modified":"2025-07-02T06:46:18","modified_gmt":"2025-07-02T11:46:18","slug":"ola-polar-se-registro-un-nuevo-record-de-consumo-electrico-y-continuan-los-cortes-de-luz","status":"publish","type":"post","link":"https:\/\/esreviral.com\/?p=76441","title":{"rendered":"Ola polar: se registr\u00f3 un nuevo r\u00e9cord de consumo el\u00e9ctrico y contin\u00faan los cortes de luz"},"content":{"rendered":"\n<p>La llegada de una ola de fr\u00edo polar extrema puso en tensi\u00f3n al sistema energ\u00e9tico argentino. Por segundo d\u00eda consecutivo, la demanda de electricidad alcanz\u00f3 un nuevo r\u00e9cord nacional para la temporada invernal.<\/p>\n\n\n\n<p>Durante la noche del martes 1\u00b0 de julio, el consumo el\u00e9ctrico lleg\u00f3 a los <strong>27.739 megavatios<\/strong>, superando los <strong>27.703 MW<\/strong> registrados el d\u00eda anterior en el Sistema Argentino de Interconexi\u00f3n (SADI). Este aumento en la demanda coincidi\u00f3 con temperaturas bajo cero en varias localidades del \u00c1rea Metropolitana de Buenos Aires (AMBA), y gener\u00f3 <strong>alrededor de 40.000 cortes de luz<\/strong> en la Ciudad de Buenos Aires y el conurbano hacia la medianoche.<\/p>\n\n\n\n<p class=\"has-text-align-center\"><strong><a href=\"https:\/\/chat.whatsapp.com\/KWkTmakY3I05kNdd2oZl6d\"><em>\u00daNETE A NUESTRO GRUPO DE WHATSAPP PARA ESTAR INFORMADO<\/em><\/a><\/strong><\/p>\n\n\n\n<p>Seg\u00fan datos del <strong>Ente Nacional Regulador de la Electricidad (ENRE)<\/strong>, a las 7:30 de este mi\u00e9rcoles, <strong>19.625 usuarios segu\u00edan sin suministro el\u00e9ctrico<\/strong>:<\/p>\n\n\n\n<ul class=\"wp-block-list\">\n<li><strong>15.974 usuarios<\/strong> en el \u00e1rea de concesi\u00f3n de <strong>Edesur<\/strong><\/li>\n\n\n\n<li><strong>3.651 usuarios<\/strong> en la zona operada por <strong>Edenor<\/strong><\/li>\n<\/ul>\n\n\n\n<p><\/p>\n\n\n\n<p>Entre las zonas m\u00e1s afectadas del Gran Buenos Aires se encuentran <strong>Berazategui, La Matanza, Lomas de Zamora y Quilmes<\/strong>. En CABA, los barrios de <strong>Boedo<\/strong> y <strong>Parque Chacabuco<\/strong> contin\u00faan sin servicio.<\/p>\n\n\n\n<p>Frente a este escenario, el Gobierno y las empresas del sector intensificaron el monitoreo del sistema el\u00e9ctrico. La situaci\u00f3n se complic\u00f3 por la salida de funcionamiento de la central nuclear <strong>Atucha II<\/strong>, que estar\u00e1 fuera de servicio al menos hasta el 6 de julio. Para compensar, <strong>se incrementaron las importaciones de energ\u00eda el\u00e9ctrica desde Brasil, Paraguay y Uruguay<\/strong>.<\/p>\n\n\n\n<p>De acuerdo con <strong>CAMMESA<\/strong>, la empresa que administra el mercado mayorista el\u00e9ctrico, a las 7:30 de este mi\u00e9rcoles la demanda de potencia del SADI alcanzaba los <strong>22.913 MW<\/strong>, de los cuales <strong>el 8% provino de importaciones<\/strong>, principalmente desde Brasil.<\/p>\n\n\n\n<p><strong><mark style=\"background-color:rgba(0, 0, 0, 0)\" class=\"has-inline-color has-vivid-red-color\">El consumo de gas tambi\u00e9n se dispara<\/mark><\/strong><\/p>\n\n\n\n<p>La ola polar tambi\u00e9n dispar\u00f3 el consumo de gas natural. En un contexto de alerta roja emitida por el <strong>Servicio Meteorol\u00f3gico Nacional (SMN)<\/strong>, las distribuidoras comenzaron a <strong>interrumpir el suministro a usuarios no prioritarios<\/strong>, como medida preventiva para asegurar el abastecimiento en <strong>hogares, escuelas y hospitales<\/strong>.<\/p>\n\n\n\n<p>Esta restricci\u00f3n afecta a <strong>usuarios con contratos interrumpibles<\/strong>, incluyendo unas <strong>200 estaciones de servicio de GNC del AMBA<\/strong> y algunos consumidores industriales.<\/p>\n\n\n\n<p>Seg\u00fan datos del <strong>Enargas<\/strong>, se prev\u00e9n <strong>picos de consumo de hasta 94 millones de metros c\u00fabicos diarios<\/strong> por parte de los usuarios prioritarios, lo que representa un aumento de m\u00e1s del <strong>10% en apenas diez d\u00edas<\/strong>.<\/p>\n\n\n\n<p class=\"has-text-align-center\"><em><strong><em><strong><em><strong><em><strong><a href=\"https:\/\/t.me\/esreviral\">\u00daNETE A NUESTRO CANAL DE TELEGRAM PARA ESTAR INFORMADO<\/a><\/strong><\/em><\/strong><\/em><\/strong><\/em><\/strong><\/em><\/p>\n\n\n\n<p class=\"has-text-align-right\"><strong><em>Con Informaci\u00f3n de TN.-<\/em><\/strong><\/p>\n","protected":false},"excerpt":{"rendered":"<p>La demanda de energ\u00eda en el pa\u00eds toc\u00f3 este martes un nuevo m\u00e1ximo para invierno. Esta ma\u00f1ana hay m\u00e1s de 19.000 usuarios de Edenor y Edesur que contin\u00faan sin luz.<\/p>\n","protected":false},"author":3,"featured_media":76442,"comment_status":"closed","ping_status":"closed","sticky":false,"template":"","format":"standard","meta":{"jnews-multi-image_gallery":[],"jnews_single_post":{"format":"standard"},"jnews_primary_category":[],"jnews_social_meta":[],"jnews_review":[],"enable_review":"","type":"","name":"","summary":"","brand":"","sku":"","good":[],"bad":[],"score_override":"","override_value":"","rating":[],"price":[],"jnews_override_counter":[],"jnews_post_split":[],"footnotes":""},"categories":[58],"tags":[44,3754,13503,45,15587],"class_list":["post-76441","post","type-post","status-publish","format-standard","has-post-thumbnail","hentry","category-argentina","tag-argentina","tag-cortes-de-luz","tag-energia-2","tag-noticias","tag-ola-polar"],"amp_enabled":true,"_links":{"self":[{"href":"https:\/\/esreviral.com\/index.php?rest_route=\/wp\/v2\/posts\/76441"}],"collection":[{"href":"https:\/\/esreviral.com\/index.php?rest_route=\/wp\/v2\/posts"}],"about":[{"href":"https:\/\/esreviral.com\/index.php?rest_route=\/wp\/v2\/types\/post"}],"author":[{"embeddable":true,"href":"https:\/\/esreviral.com\/index.php?rest_route=\/wp\/v2\/users\/3"}],"replies":[{"embeddable":true,"href":"https:\/\/esreviral.com\/index.php?rest_route=%2Fwp%2Fv2%2Fcomments&post=76441"}],"version-history":[{"count":1,"href":"https:\/\/esreviral.com\/index.php?rest_route=\/wp\/v2\/posts\/76441\/revisions"}],"predecessor-version":[{"id":76443,"href":"https:\/\/esreviral.com\/index.php?rest_route=\/wp\/v2\/posts\/76441\/revisions\/76443"}],"wp:featuredmedia":[{"embeddable":true,"href":"https:\/\/esreviral.com\/index.php?rest_route=\/wp\/v2\/media\/76442"}],"wp:attachment":[{"href":"https:\/\/esreviral.com\/index.php?rest_route=%2Fwp%2Fv2%2Fmedia&parent=76441"}],"wp:term":[{"taxonomy":"category","embeddable":true,"href":"https:\/\/esreviral.com\/index.php?rest_route=%2Fwp%2Fv2%2Fcategories&post=76441"},{"taxonomy":"post_tag","embeddable":true,"href":"https:\/\/esreviral.com\/index.php?rest_route=%2Fwp%2Fv2%2Ftags&post=76441"}],"curies":[{"name":"wp","href":"https:\/\/api.w.org\/{rel}","templated":true}]}}