{"id":7644,"date":"2021-06-17T16:03:09","date_gmt":"2021-06-17T19:03:09","guid":{"rendered":"http:\/\/esreviral.com\/?p=7644"},"modified":"2021-06-17T16:03:09","modified_gmt":"2021-06-17T19:03:09","slug":"los-refugiados-y-migrantes-venezolanos-recibiran-una-ayuda-de-954-millones-de-dolares","status":"publish","type":"post","link":"https:\/\/esreviral.com\/?p=7644","title":{"rendered":"Los refugiados y migrantes venezolanos recibir\u00e1n una ayuda de 954 millones de d\u00f3lares"},"content":{"rendered":"\n<p>La conferencia internacional sobre Venezuela organizada por Canad\u00e1 consigui\u00f3 <strong>recaudar 954 millones de d\u00f3lares para ayudar a los 5,7 millones de refugiados y migrantes venezolanos que est\u00e1n desplazados en Latinoam\u00e9rica.<\/strong><\/p>\n\n\n\n<p>La ministra de Desarrollo Internacional de Canad\u00e1, Karina Gould, se mostr\u00f3 satisfecha del resultado de la conferencia de donantes.<\/p>\n\n\n\n<p>En concreto, Gould aplaudi\u00f3 los alrededor de 954 millones de d\u00f3lares en donaciones conseguidos durante la cita, celebrada de forma virtual este jueves con la presencia de representantes de 46 pa\u00edses, lo que supone un 25 % m\u00e1s que en la reuni\u00f3n celebrada el a\u00f1o pasado. Adem\u00e1s, se conceder\u00e1n 600 millones de d\u00f3lares en pr\u00e9stamos.<\/p>\n\n\n\n<p>\u00abSabemos que la crisis de migrantes y refugiados venezolanos es la segunda m\u00e1s importante del mundo; pero al mismo tiempo es una de las crisis menos financiadas por la comunidad internacional\u00bb, asever\u00f3 la ministra canadiense, que fue la anfitriona de la reuni\u00f3n.<\/p>\n\n\n\n<p>\u00abNuestro objetivo -a\u00f1adi\u00f3- era elevar el perfil de esa crisis, del impacto que ha tenido en los pa\u00edses vecinos que han recibido migrantes y refugiados as\u00ed como de la situaci\u00f3n de los propios desplazados porque es importante que haya una muestra de solidaridad internacional\u00bb.<\/p>\n\n\n\n<p>Canad\u00e1 donar\u00e1 115 millones de d\u00f3lares canadienses, unos 93 millones de d\u00f3lares estadounidenses, mientras que Estados Unidos duplicar\u00e1 la aportaci\u00f3n realizada el a\u00f1o pasado para llegar a unos 400 millones de d\u00f3lares.<\/p>\n\n\n\n<p>En el encuentro el presidente de Ecuador, Guillermo Lasso, anunci\u00f3 un nuevo proceso de regularizaci\u00f3n para los venezolanos en ese pa\u00eds. <\/p>\n\n\n\n<figure class=\"wp-block-embed-twitter wp-block-embed is-type-rich is-provider-twitter\"><div class=\"wp-block-embed__wrapper\">\n<blockquote class=\"twitter-tweet\" data-width=\"500\" data-dnt=\"true\"><p lang=\"es\" dir=\"ltr\">El presidente <a href=\"https:\/\/twitter.com\/LassoGuillermo?ref_src=twsrc%5Etfw\">@LassoGuillermo<\/a> anunci\u00f3 que iniciar\u00e1n un nuevo proceso de regularizaci\u00f3n para venezolanos en Ecuador. Video cortes\u00eda. <a href=\"https:\/\/twitter.com\/hashtag\/TVV?src=hash&amp;ref_src=twsrc%5Etfw\">#TVV<\/a> <a href=\"https:\/\/twitter.com\/hashtag\/TVVNoticias?src=hash&amp;ref_src=twsrc%5Etfw\">#TVVNoticias<\/a> <a href=\"https:\/\/t.co\/iP02vAVpTE\">pic.twitter.com\/iP02vAVpTE<\/a><\/p>&mdash; TVV Noticias (@TVVnoticias) <a href=\"https:\/\/twitter.com\/TVVnoticias\/status\/1405555158248050689?ref_src=twsrc%5Etfw\">June 17, 2021<\/a><\/blockquote><script async src=\"https:\/\/platform.twitter.com\/widgets.js\" charset=\"utf-8\"><\/script>\n<\/div><\/figure>\n\n\n\n<p>Entre tanto el presidente colombiano, Iv\u00e1n Duque, advirti\u00f3 que de no acabar con el r\u00e9gimen de Nicol\u00e1s Maduro, habr\u00e1 \u00abun mayor flujo migratorio\u00bb. <\/p>\n\n\n\n<figure class=\"wp-block-embed-twitter wp-block-embed is-type-rich is-provider-twitter\"><div class=\"wp-block-embed__wrapper\">\n<blockquote class=\"twitter-tweet\" data-width=\"500\" data-dnt=\"true\"><p lang=\"es\" dir=\"ltr\"><a href=\"https:\/\/twitter.com\/hashtag\/17Jun?src=hash&amp;ref_src=twsrc%5Etfw\">#17Jun<\/a>  <a href=\"https:\/\/twitter.com\/hashtag\/Di%C3%A1spora?src=hash&amp;ref_src=twsrc%5Etfw\">#Di\u00e1spora<\/a> <a href=\"https:\/\/twitter.com\/hashtag\/Colombia?src=hash&amp;ref_src=twsrc%5Etfw\">#Colombia<\/a> <br>El presidente <a href=\"https:\/\/twitter.com\/IvanDuque?ref_src=twsrc%5Etfw\">@IvanDuque<\/a> advirti\u00f3 en la Conferencia de Donantes que si no se pone fin al r\u00e9gimen de Maduro, habr\u00e1 &quot;un mayor flujo migratorio&quot;.  <a href=\"https:\/\/t.co\/du73oIH9Ju\">pic.twitter.com\/du73oIH9Ju<\/a><\/p>&mdash; Reporte Ya (@ReporteYa) <a href=\"https:\/\/twitter.com\/ReporteYa\/status\/1405528265159151636?ref_src=twsrc%5Etfw\">June 17, 2021<\/a><\/blockquote><script async src=\"https:\/\/platform.twitter.com\/widgets.js\" charset=\"utf-8\"><\/script>\n<\/div><\/figure>\n","protected":false},"excerpt":{"rendered":"<p>El presidente colombiano, Iv\u00e1n Duque, advirti\u00f3 que de no acabar con el r\u00e9gimen de Nicol\u00e1s Maduro, habr\u00e1 \u00abun mayor flujo migratorio\u00bb<\/p>\n","protected":false},"author":2,"featured_media":7645,"comment_status":"open","ping_status":"open","sticky":false,"template":"","format":"standard","meta":{"jnews-multi-image_gallery":[],"jnews_single_post":[],"jnews_primary_category":[],"jnews_social_meta":[],"jnews_review":[],"enable_review":"","type":"","name":"","summary":"","brand":"","sku":"","good":[],"bad":[],"score_override":"","override_value":"","rating":[],"price":[],"jnews_override_counter":[],"jnews_post_split":[],"footnotes":""},"categories":[54,88],"tags":[55,45,67],"class_list":["post-7644","post","type-post","status-publish","format-standard","has-post-thumbnail","hentry","category-inmigracion","category-internacionales","tag-inmigracion","tag-noticias","tag-venezolanos-en-argentina"],"amp_enabled":true,"_links":{"self":[{"href":"https:\/\/esreviral.com\/index.php?rest_route=\/wp\/v2\/posts\/7644"}],"collection":[{"href":"https:\/\/esreviral.com\/index.php?rest_route=\/wp\/v2\/posts"}],"about":[{"href":"https:\/\/esreviral.com\/index.php?rest_route=\/wp\/v2\/types\/post"}],"author":[{"embeddable":true,"href":"https:\/\/esreviral.com\/index.php?rest_route=\/wp\/v2\/users\/2"}],"replies":[{"embeddable":true,"href":"https:\/\/esreviral.com\/index.php?rest_route=%2Fwp%2Fv2%2Fcomments&post=7644"}],"version-history":[{"count":0,"href":"https:\/\/esreviral.com\/index.php?rest_route=\/wp\/v2\/posts\/7644\/revisions"}],"wp:featuredmedia":[{"embeddable":true,"href":"https:\/\/esreviral.com\/index.php?rest_route=\/"}],"wp:attachment":[{"href":"https:\/\/esreviral.com\/index.php?rest_route=%2Fwp%2Fv2%2Fmedia&parent=7644"}],"wp:term":[{"taxonomy":"category","embeddable":true,"href":"https:\/\/esreviral.com\/index.php?rest_route=%2Fwp%2Fv2%2Fcategories&post=7644"},{"taxonomy":"post_tag","embeddable":true,"href":"https:\/\/esreviral.com\/index.php?rest_route=%2Fwp%2Fv2%2Ftags&post=7644"}],"curies":[{"name":"wp","href":"https:\/\/api.w.org\/{rel}","templated":true}]}}