{"id":76426,"date":"2025-07-01T16:16:20","date_gmt":"2025-07-01T21:16:20","guid":{"rendered":"https:\/\/esreviral.com\/?p=76426"},"modified":"2025-07-01T16:16:21","modified_gmt":"2025-07-01T21:16:21","slug":"con-los-ojos-morados-y-los-dedos-vendados-hablo-la-esposa-del-hombre-que-mato-a-su-suegra-a-bastonazos","status":"publish","type":"post","link":"https:\/\/esreviral.com\/?p=76426","title":{"rendered":"Con los ojos morados y los dedos vendados, habl\u00f3 la esposa del hombre que mat\u00f3 a su suegra a bastonazos"},"content":{"rendered":"\n<p><strong><a href=\"https:\/\/esreviral.com\/?p=76280\" data-type=\"link\" data-id=\"https:\/\/esreviral.com\/?p=76280\">Tres d\u00edas despu\u00e9s de haber presenciado el brutal femicidio de su madre, Estela Medina rompi\u00f3 el silencio con el rostro visiblemente golpeado<\/a><\/strong>. Fue testigo de c\u00f3mo su pareja, Hugo Alberto Zelaya, asesin\u00f3 a su madre Rosa Andrada, de 104 a\u00f1os, a bastonazos, tras una violenta discusi\u00f3n en su vivienda del pasaje Agust\u00edn Maza al 500, en la zona oeste de San Miguel de Tucum\u00e1n.<\/p>\n\n\n\n<p>\u201c<strong><em>Si yo me iba, \u00e9l me amenazaba con matar a mis hijos\u201d<\/em><\/strong>, declar\u00f3 Estela, entre l\u00e1grimas, en una entrevista con El Ocho de Tucum\u00e1n. Mientras hablaba, se notaban moretones en su rostro y ten\u00eda los dedos vendados. \u201c<strong><em>Cuando \u00e9l me empez\u00f3 a golpear, le grit\u00e9: \u2018Mam\u00e1, ay\u00fadame\u2019\u201d,<\/em><\/strong> record\u00f3.<\/p>\n\n\n\n<p class=\"has-text-align-center\"><strong><a href=\"https:\/\/chat.whatsapp.com\/KWkTmakY3I05kNdd2oZl6d\"><em>\u00daNETE A NUESTRO GRUPO DE WHATSAPP PARA ESTAR INFORMADO<\/em><\/a><\/strong><\/p>\n\n\n\n<p>El hecho ocurri\u00f3 cuando Zelaya, de 72 a\u00f1os de edad, comenz\u00f3 a agredirla f\u00edsicamente en medio de una discusi\u00f3n. Con sus dos metros de altura y m\u00e1s de 90 kilos, el hombre la arroj\u00f3 al piso y la golpe\u00f3 mientras se re\u00eda, seg\u00fan relat\u00f3 Estela. En medio del ataque, Rosa, la madre de la mujer, intent\u00f3 intervenir para defenderla. \u201c<strong><em>Escuch\u00e9 a mi mam\u00e1 decir sus \u00faltimas palabras: \u2018Estela, volv\u00e9, porque este me va a matar a m\u00ed tambi\u00e9n\u2019\u201d<\/em><\/strong>, cont\u00f3 la hija, profundamente conmovida.<\/p>\n\n\n\n<p>Rosa Andrada recibi\u00f3 m\u00faltiples golpes de pu\u00f1o y bastonazos. Muri\u00f3 poco despu\u00e9s a causa de traumatismos severos en el cr\u00e1neo y otras partes del cuerpo, seg\u00fan confirmaron los primeros informes de la autopsia.<\/p>\n\n\n\n<p>Durante la entrevista, Estela se quebr\u00f3 y no pudo continuar con su testimonio. Fue entonces cuando su hijo tom\u00f3 la palabra, acompa\u00f1ado por vecinos que ped\u00edan justicia. \u201c<strong><em>Mi mam\u00e1 nos contaba que \u00e9l le pegaba en la espalda para que no vi\u00e9ramos los moretones. Era p\u00edcaro, manipulador, con mente de psic\u00f3pata\u201d<\/em><\/strong>, expres\u00f3.<\/p>\n\n\n<div class=\"wp-block-image\">\n<figure class=\"aligncenter size-large\"><img decoding=\"async\" src=\"https:\/\/www.clarin.com\/img\/2025\/07\/01\/dpROi7WA5_720x0__1.jpg\" alt=\"\"\/><\/figure><\/div>\n\n\n<p><\/p>\n\n\n\n<p>Zelaya, quien se encuentra bajo arresto domiciliario, hab\u00eda sufrido un ACV y, seg\u00fan Estela, los episodios de violencia eran frecuentes. El Ministerio P\u00fablico Fiscal lo imput\u00f3 por <strong>homicidio agravado por el v\u00ednculo y por mediar violencia de g\u00e9nero<\/strong>, en concurso con <strong>tentativa de homicidio<\/strong>, y solicit\u00f3 seis meses de prisi\u00f3n preventiva mientras avanza la investigaci\u00f3n.<\/p>\n\n\n\n<p>La audiencia judicial se realiz\u00f3 de forma virtual. En ella, el fiscal Carlos Sale, titular de la Unidad Fiscal de Homicidios II, junto al auxiliar fiscal Miguel Fern\u00e1ndez, formularon los cargos y solicitaron las medidas de coerci\u00f3n correspondientes.<\/p>\n\n\n\n<p>El barrio entero est\u00e1 conmocionado. \u201c<strong><em>A pesar de su edad, Rosa era muy l\u00facida, caminaba, conversaba, estaba bien cuidada. Nunca pensamos que algo as\u00ed pudiera pasar\u201d<\/em><\/strong>, dijo una vecina. Si bien Zelaya no ten\u00eda antecedentes penales, los vecinos aseguraron que mostraba actitudes violentas y explosivas.<\/p>\n\n\n\n<p class=\"has-text-align-center\"><em><strong><em><strong><em><strong><em><strong><a href=\"https:\/\/t.me\/esreviral\">\u00daNETE A NUESTRO CANAL DE TELEGRAM PARA ESTAR INFORMADO<\/a><\/strong><\/em><\/strong><\/em><\/strong><\/em><\/strong><\/em><\/p>\n\n\n<div class=\"wp-block-image\">\n<figure class=\"aligncenter size-large is-resized\"><img decoding=\"async\" src=\"https:\/\/www.clarin.com\/img\/2025\/07\/01\/Hk7qrxv7q_720x0__1.jpg\" alt=\"\" style=\"width:720px;height:auto\"\/><\/figure><\/div>\n\n\n<p><\/p>\n\n\n\n<p class=\"has-text-align-right\"><strong><em>Con Informaci\u00f3n de Clarin.-<\/em><\/strong><\/p>\n","protected":false},"excerpt":{"rendered":"<p>La mujer relat\u00f3 el cruel momento que le toc\u00f3 vivir junto a Hugo Alberto Zelaya, el asesino de su madre de 104 a\u00f1os en Tucum\u00e1n.<br \/>\nEl hombre cumple prisi\u00f3n domiciliaria.<\/p>\n","protected":false},"author":3,"featured_media":76427,"comment_status":"closed","ping_status":"closed","sticky":false,"template":"","format":"standard","meta":{"jnews-multi-image_gallery":[],"jnews_single_post":{"format":"standard"},"jnews_primary_category":[],"jnews_social_meta":[],"jnews_review":[],"enable_review":"","type":"","name":"","summary":"","brand":"","sku":"","good":[],"bad":[],"score_override":"","override_value":"","rating":[],"price":[],"jnews_override_counter":[],"jnews_post_split":[],"footnotes":""},"categories":[58,64],"tags":[555,3246,45,3176,310],"class_list":["post-76426","post","type-post","status-publish","format-standard","has-post-thumbnail","hentry","category-argentina","category-sucesos","tag-femicidio","tag-homicidios","tag-noticias","tag-tucuman","tag-violencia-de-genero"],"amp_enabled":true,"_links":{"self":[{"href":"https:\/\/esreviral.com\/index.php?rest_route=\/wp\/v2\/posts\/76426"}],"collection":[{"href":"https:\/\/esreviral.com\/index.php?rest_route=\/wp\/v2\/posts"}],"about":[{"href":"https:\/\/esreviral.com\/index.php?rest_route=\/wp\/v2\/types\/post"}],"author":[{"embeddable":true,"href":"https:\/\/esreviral.com\/index.php?rest_route=\/wp\/v2\/users\/3"}],"replies":[{"embeddable":true,"href":"https:\/\/esreviral.com\/index.php?rest_route=%2Fwp%2Fv2%2Fcomments&post=76426"}],"version-history":[{"count":1,"href":"https:\/\/esreviral.com\/index.php?rest_route=\/wp\/v2\/posts\/76426\/revisions"}],"predecessor-version":[{"id":76429,"href":"https:\/\/esreviral.com\/index.php?rest_route=\/wp\/v2\/posts\/76426\/revisions\/76429"}],"wp:featuredmedia":[{"embeddable":true,"href":"https:\/\/esreviral.com\/index.php?rest_route=\/wp\/v2\/media\/76427"}],"wp:attachment":[{"href":"https:\/\/esreviral.com\/index.php?rest_route=%2Fwp%2Fv2%2Fmedia&parent=76426"}],"wp:term":[{"taxonomy":"category","embeddable":true,"href":"https:\/\/esreviral.com\/index.php?rest_route=%2Fwp%2Fv2%2Fcategories&post=76426"},{"taxonomy":"post_tag","embeddable":true,"href":"https:\/\/esreviral.com\/index.php?rest_route=%2Fwp%2Fv2%2Ftags&post=76426"}],"curies":[{"name":"wp","href":"https:\/\/api.w.org\/{rel}","templated":true}]}}