{"id":7641,"date":"2021-06-17T15:56:05","date_gmt":"2021-06-17T18:56:05","guid":{"rendered":"http:\/\/esreviral.com\/?p=7641"},"modified":"2021-06-17T15:56:05","modified_gmt":"2021-06-17T18:56:05","slug":"confirman-dos-nuevos-casos-de-covid-en-la-vinotinto","status":"publish","type":"post","link":"https:\/\/esreviral.com\/?p=7641","title":{"rendered":"Confirman dos nuevos casos de COVID en la Vinotinto"},"content":{"rendered":"\n<p>A trav\u00e9s de sus redes sociales, la selecci\u00f3n venezolana de f\u00fatbol, anunci\u00f3 que otros dos integrantes de su organizaci\u00f3n dieron positivo para coronavirus, se trata de un futbolista y un t\u00e9cnico, ambos asintom\u00e1ticos.<\/p>\n\n\n\n<p>Adem\u00e1s el seleccionador Jos\u00e9 Peseiro, realiz\u00f3 dos nuevos cambios en su alineaci\u00f3n, Jan Hurtado ingres\u00f3 por Jhon Murillo y Jos\u00e9 Manuel Vel\u00e1squez por Jhon Chancellor.  <\/p>\n\n\n\n<figure class=\"wp-block-image size-large\"><img decoding=\"async\" src=\"https:\/\/pbs.twimg.com\/media\/E4GoGJDXwAAeYDA?format=jpg&amp;name=medium\" alt=\"\"\/><\/figure>\n\n\n\n<p>Este jueves la vinotinto nuevamente jugar\u00e1 en la Copa Am\u00e9rica, ahora frente a Colombia a las 18, hora de Argentina.<\/p>\n","protected":false},"excerpt":{"rendered":"<p>Anunciaron dos nuevos cambios en la lista de 28 <\/p>\n","protected":false},"author":2,"featured_media":7642,"comment_status":"open","ping_status":"open","sticky":false,"template":"","format":"standard","meta":{"jnews-multi-image_gallery":[],"jnews_single_post":[],"jnews_primary_category":[],"jnews_social_meta":[],"jnews_review":[],"enable_review":"","type":"","name":"","summary":"","brand":"","sku":"","good":[],"bad":[],"score_override":"","override_value":"","rating":[],"price":[],"jnews_override_counter":[],"jnews_post_split":[],"footnotes":""},"categories":[48],"tags":[589,77,146,45],"class_list":["post-7641","post","type-post","status-publish","format-standard","has-post-thumbnail","hentry","category-deportes","tag-copa-america","tag-coronavirus","tag-la-vinotinto","tag-noticias"],"amp_enabled":true,"_links":{"self":[{"href":"https:\/\/esreviral.com\/index.php?rest_route=\/wp\/v2\/posts\/7641"}],"collection":[{"href":"https:\/\/esreviral.com\/index.php?rest_route=\/wp\/v2\/posts"}],"about":[{"href":"https:\/\/esreviral.com\/index.php?rest_route=\/wp\/v2\/types\/post"}],"author":[{"embeddable":true,"href":"https:\/\/esreviral.com\/index.php?rest_route=\/wp\/v2\/users\/2"}],"replies":[{"embeddable":true,"href":"https:\/\/esreviral.com\/index.php?rest_route=%2Fwp%2Fv2%2Fcomments&post=7641"}],"version-history":[{"count":0,"href":"https:\/\/esreviral.com\/index.php?rest_route=\/wp\/v2\/posts\/7641\/revisions"}],"wp:featuredmedia":[{"embeddable":true,"href":"https:\/\/esreviral.com\/index.php?rest_route=\/"}],"wp:attachment":[{"href":"https:\/\/esreviral.com\/index.php?rest_route=%2Fwp%2Fv2%2Fmedia&parent=7641"}],"wp:term":[{"taxonomy":"category","embeddable":true,"href":"https:\/\/esreviral.com\/index.php?rest_route=%2Fwp%2Fv2%2Fcategories&post=7641"},{"taxonomy":"post_tag","embeddable":true,"href":"https:\/\/esreviral.com\/index.php?rest_route=%2Fwp%2Fv2%2Ftags&post=7641"}],"curies":[{"name":"wp","href":"https:\/\/api.w.org\/{rel}","templated":true}]}}