{"id":76400,"date":"2025-07-01T14:02:32","date_gmt":"2025-07-01T19:02:32","guid":{"rendered":"https:\/\/esreviral.com\/?p=76400"},"modified":"2025-07-01T14:02:33","modified_gmt":"2025-07-01T19:02:33","slug":"migracion-invertida-venezolanos-lideran-retorno-masivo-a-suramerica-desde-panama","status":"publish","type":"post","link":"https:\/\/esreviral.com\/?p=76400","title":{"rendered":"Migraci\u00f3n invertida: venezolanos lideran retorno masivo a Suram\u00e9rica desde Panam\u00e1"},"content":{"rendered":"\n<p>M\u00e1s de 13.200 migrantes irregulares han atravesado Panam\u00e1 en lo que va de 2025 en sentido inverso \u2014es decir, regresando hacia el sur del continente\u2014 luego de ver frustrado su objetivo de ingresar a Estados Unidos. As\u00ed lo informaron este martes las autoridades paname\u00f1as.<\/p>\n\n\n\n<p>Seg\u00fan el Servicio Nacional de Migraci\u00f3n (SNM),<strong> la mayor\u00eda de estas personas son adultos de nacionalidad venezolana,<\/strong> aunque tambi\u00e9n hay ciudadanos de otros pa\u00edses sudamericanos e incluso extracontinentales.<\/p>\n\n\n\n<h3 class=\"wp-block-heading\"><strong><mark style=\"background-color:rgba(0, 0, 0, 0)\" class=\"has-inline-color has-vivid-red-color\">Del Dari\u00e9n a rutas mar\u00edtimas<\/mark><\/strong><\/h3>\n\n\n\n<p>Este fen\u00f3meno de \u00abflujo migratorio inverso\u00bb se ha convertido pr\u00e1cticamente en el \u00fanico vigente en Panam\u00e1, un pa\u00eds que en a\u00f1os anteriores \u2014especialmente antes del regreso de Donald Trump al poder\u2014 era punto clave de paso hacia el norte. Solo en 2023, m\u00e1s de 500.000 personas cruzaron la selva del Dari\u00e9n rumbo a Estados Unidos.<\/p>\n\n\n\n<p>Ahora, en el trayecto de regreso, muchos migrantes optan por rutas mar\u00edtimas: toman embarcaciones desde puertos en el Caribe paname\u00f1o hacia localidades fronterizas con Colombia, para continuar luego su viaje hacia sus pa\u00edses de origen.<\/p>\n\n\n\n<h3 class=\"wp-block-heading\"><strong><mark style=\"background-color:rgba(0, 0, 0, 0)\" class=\"has-inline-color has-vivid-red-color\">Estaci\u00f3n cerrada y repunte de deportaciones<\/mark><\/strong><\/h3>\n\n\n\n<p>Ante la ca\u00edda del flujo migratorio hacia el norte, el gobierno del presidente Jos\u00e9 Ra\u00fal Mulino cerr\u00f3 el pasado 14 de mayo la principal estaci\u00f3n migratoria ubicada a la salida de la selva del Dari\u00e9n.<\/p>\n\n\n\n<p>\u201c<strong><em>El paso por Dari\u00e9n contin\u00faa bajo monitoreo del Servicio Nacional de Migraci\u00f3n. En lo que va de 2025, cerca de 3.000 personas han cruzado la selva provenientes de Sudam\u00e9rica. En los \u00faltimos d\u00edas no se han registrado nuevos ingresos\u201d<\/em><\/strong>, indicaron las autoridades este martes.<\/p>\n\n\n\n<p>Asimismo, se inform\u00f3 que en el \u00faltimo a\u00f1o Panam\u00e1 deport\u00f3 a 2.387 personas \u2014principalmente por ingreso irregular\u2014 y que se han efectuado m\u00e1s de 50 vuelos de retorno, tanto en l\u00edneas comerciales como en vuelos ch\u00e1rter.<\/p>\n\n\n\n<p>\u201cEl SNM resalta que estos operativos forman parte de una estrategia coordinada para garantizar la seguridad nacional y gestionar el flujo migratorio de forma ordenada, en el marco del Memor\u00e1ndum de Entendimiento Migratorio con Estados Unidos\u201d, a\u00f1adi\u00f3 el comunicado oficial.<\/p>\n\n\n\n<h3 class=\"wp-block-heading\"><strong><mark style=\"background-color:rgba(0, 0, 0, 0)\" class=\"has-inline-color has-vivid-red-color\">Un acuerdo con EE. UU. y una tendencia en aumento<\/mark><\/strong><\/h3>\n\n\n\n<p>Panam\u00e1 y Estados Unidos firmaron hace un a\u00f1o \u2014precisamente el mismo d\u00eda en que Mulino asumi\u00f3 la Presidencia\u2014 un acuerdo de cooperaci\u00f3n migratoria, con una financiaci\u00f3n inicial de 6 millones de d\u00f3lares aportados por Washington. Este convenio fue recientemente renovado.<\/p>\n\n\n\n<p>El presidente Mulino expres\u00f3 en junio su preocupaci\u00f3n por el creciente n\u00famero de migrantes que deciden regresar al sur tras fracasar en su intento de ingresar a EE. UU. Seg\u00fan detall\u00f3, la mayor\u00eda son venezolanos, aunque tambi\u00e9n se han identificado colombianos, peruanos, ecuatorianos, y personas de pa\u00edses extracontinentales como Nepal, Camer\u00fan e Ir\u00e1n.<\/p>\n\n\n\n<p class=\"has-text-align-center\"><em><strong><em><strong><em><strong><em><strong><a href=\"https:\/\/t.me\/esreviral\">\u00daNETE A NUESTRO CANAL DE TELEGRAM PARA ESTAR INFORMADO<\/a><\/strong><\/em><\/strong><\/em><\/strong><\/em><\/strong><\/em><\/p>\n\n\n\n<p class=\"has-text-align-right\"><strong><em>Con Informaci\u00f3n de ElNacional.-<\/em><\/strong><\/p>\n","protected":false},"excerpt":{"rendered":"<p>En su retorno, en vez de atravesar la selva del Dari\u00e9n, los migrantes toman ahora embarcaciones en puertos del Caribe paname\u00f1o hasta una poblaci\u00f3n fronteriza con Colombia<\/p>\n","protected":false},"author":3,"featured_media":76401,"comment_status":"closed","ping_status":"closed","sticky":false,"template":"","format":"standard","meta":{"jnews-multi-image_gallery":[],"jnews_single_post":{"format":"standard"},"jnews_primary_category":[],"jnews_social_meta":[],"jnews_review":[],"enable_review":"","type":"","name":"","summary":"","brand":"","sku":"","good":[],"bad":[],"score_override":"","override_value":"","rating":[],"price":[],"jnews_override_counter":[],"jnews_post_split":[],"footnotes":""},"categories":[54],"tags":[136,2052,1002],"class_list":["post-76400","post","type-post","status-publish","format-standard","has-post-thumbnail","hentry","category-inmigracion","tag-estados-unidos","tag-migrantes-venezolanos","tag-panama"],"amp_enabled":true,"_links":{"self":[{"href":"https:\/\/esreviral.com\/index.php?rest_route=\/wp\/v2\/posts\/76400"}],"collection":[{"href":"https:\/\/esreviral.com\/index.php?rest_route=\/wp\/v2\/posts"}],"about":[{"href":"https:\/\/esreviral.com\/index.php?rest_route=\/wp\/v2\/types\/post"}],"author":[{"embeddable":true,"href":"https:\/\/esreviral.com\/index.php?rest_route=\/wp\/v2\/users\/3"}],"replies":[{"embeddable":true,"href":"https:\/\/esreviral.com\/index.php?rest_route=%2Fwp%2Fv2%2Fcomments&post=76400"}],"version-history":[{"count":1,"href":"https:\/\/esreviral.com\/index.php?rest_route=\/wp\/v2\/posts\/76400\/revisions"}],"predecessor-version":[{"id":76402,"href":"https:\/\/esreviral.com\/index.php?rest_route=\/wp\/v2\/posts\/76400\/revisions\/76402"}],"wp:featuredmedia":[{"embeddable":true,"href":"https:\/\/esreviral.com\/index.php?rest_route=\/wp\/v2\/media\/76401"}],"wp:attachment":[{"href":"https:\/\/esreviral.com\/index.php?rest_route=%2Fwp%2Fv2%2Fmedia&parent=76400"}],"wp:term":[{"taxonomy":"category","embeddable":true,"href":"https:\/\/esreviral.com\/index.php?rest_route=%2Fwp%2Fv2%2Fcategories&post=76400"},{"taxonomy":"post_tag","embeddable":true,"href":"https:\/\/esreviral.com\/index.php?rest_route=%2Fwp%2Fv2%2Ftags&post=76400"}],"curies":[{"name":"wp","href":"https:\/\/api.w.org\/{rel}","templated":true}]}}