{"id":76397,"date":"2025-07-01T13:52:35","date_gmt":"2025-07-01T18:52:35","guid":{"rendered":"https:\/\/esreviral.com\/?p=76397"},"modified":"2025-07-01T13:52:37","modified_gmt":"2025-07-01T18:52:37","slug":"de-quien-son-los-huesos-encontrados-en-la-casa-donde-vivio-gustavo-cerati-segun-la-autopsia","status":"publish","type":"post","link":"https:\/\/esreviral.com\/?p=76397","title":{"rendered":"De qui\u00e9n son los huesos encontrados en la casa donde vivi\u00f3 Gustavo Cerati, seg\u00fan la autopsia"},"content":{"rendered":"\n<p>Este martes <strong>se conocieron los resultados de los an\u00e1lisis realizados por el Equipo Argentino de Antropolog\u00eda Forense (EAAF) sobre los huesos hallados en una casa del barrio porte\u00f1o de Coghlan donde vivi\u00f3 Gustavo Cerati entre 2001 y 2003<\/strong>. Los estudios determinaron que se trataba de un <strong>joven de entre 15 y 19 a\u00f1os de edad que fue asesinado con m\u00faltiples pu\u00f1aladas.<\/strong><\/p>\n\n\n\n<p>La v\u00edctima presentaba heridas punzantes entre la cuarta y quinta costilla. Adem\u00e1s, el informe forense indic\u00f3 signos de un intento de desmembramiento, evidenciado por cortes en el f\u00e9mur izquierdo.<\/p>\n\n\n\n<p>Tambi\u00e9n se determin\u00f3 que el joven med\u00eda aproximadamente 1,77 metros, calzaba 41 y practicaba alg\u00fan deporte \u2014posiblemente remo\u2014 debido al desarrollo \u00f3seo de sus brazos.<\/p>\n\n\n\n<p class=\"has-text-align-center\"><strong><a href=\"https:\/\/chat.whatsapp.com\/KWkTmakY3I05kNdd2oZl6d\"><em>\u00daNETE A NUESTRO GRUPO DE WHATSAPP PARA ESTAR INFORMADO<\/em><\/a><\/strong><\/p>\n\n\n\n<figure class=\"wp-block-image size-large\"><img decoding=\"async\" src=\"https:\/\/tn.com.ar\/resizer\/v2\/los-restos-de-los-huesos-encontrados-en-una-casa-donde-vivio-gustavo-cerati-foto-gentileza-rodrigo-alegre-PSPOW4WB3JCUHJTGMGWFJHRZGE.jpeg?auth=0cb0d1dddccfe77306be815be834061b849bd66ab6c98086984c986cb40297d3&amp;width=1440\" alt=\"\"\/><\/figure>\n\n\n\n<p><\/p>\n\n\n\n<p>Fuentes judiciales explicaron la decisi\u00f3n que tom\u00f3 el fiscal del caso, Mart\u00edn L\u00f3pez Perrando, tras recibir los resultados del EAAF. \u201c<strong><em>Quedan dos estudios por realizar. Uno es un an\u00e1lisis de is\u00f3topos en los restos \u00f3seos, que permitir\u00e1 conocer la regi\u00f3n geogr\u00e1fica en la que vivi\u00f3 la v\u00edctima, en base a la composici\u00f3n mineral de los huesos. Esto puede tardar unos dos meses<\/em><\/strong>\u201d, indicaron.<\/p>\n\n\n\n<p>Adem\u00e1s, se confirm\u00f3 que se realizar\u00e1 un an\u00e1lisis de ADN para intentar identificar al joven.<\/p>\n\n\n\n<p>Fuentes cercanas a la fiscal\u00eda se\u00f1alaron que ahora hay pruebas suficientes para avanzar con el relevamiento de quienes habitaron las dos propiedades implicadas: la ubicada en Avenida Congreso 3742, donde se hallaron los restos, y la casa lindera que ocup\u00f3 Cerati.<\/p>\n\n\n\n<h3 class=\"wp-block-heading\"><strong><mark style=\"background-color:rgba(0, 0, 0, 0)\" class=\"has-inline-color has-vivid-red-color\">Qu\u00e9 ocurri\u00f3 en la casa donde vivi\u00f3 Cerati<\/mark><\/strong><\/h3>\n\n\n\n<p>La propiedad pertenec\u00eda a Marina Olmi \u2014hermana del m\u00fasico Boy Olmi\u2014, quien se la alquil\u00f3 a Gustavo Cerati entre 2001 y 2003, mientras ella resid\u00eda en Espa\u00f1a. Hace dos a\u00f1os, Olmi vendi\u00f3 la casa, que fue demolida para construir un edificio.<\/p>\n\n\n\n<p>Durante las excavaciones iniciales del nuevo proyecto, los obreros hallaron restos \u00f3seos humanos junto a otros objetos: un reloj, una suela de zapato y una moneda japonesa de 5 yenes, que suele utilizarse en pulseras.<\/p>\n\n\n<div class=\"wp-block-image\">\n<figure class=\"aligncenter size-large\"><img decoding=\"async\" src=\"https:\/\/tn.com.ar\/resizer\/v2\/las-piezas-dentales-que-encontraron-tras-la-demolicion-de-una-casa-donde-vivio-gustavo-cerati-foto-gentileza-rodrigo-alegre-S6BVSWX3LBEINBWEBOIE22SOJM.jpeg?auth=4999548f40a02288673858f287805bb455445abaa30ab02d58f7de90aa60043c&amp;width=1440\" alt=\"\"\/><\/figure><\/div>\n\n\n<p><\/p>\n\n\n\n<p><strong><em>\u201cEl hallazgo ocurri\u00f3 cuando se desprendi\u00f3 un bloque de tierra de la casa lindera, dejando al descubierto lo que aparentaban ser restos \u00f3seos humanos<\/em><\/strong>\u201d, detalla el parte policial.<\/p>\n\n\n\n<p>La investigaci\u00f3n est\u00e1 a cargo de la Fiscal\u00eda Nacional en lo Criminal y Correccional N\u00b0 61, encabezada por el fiscal Mart\u00edn L\u00f3pez Perrando. El pasado 29 de mayo, la Polic\u00eda Cient\u00edfica trabaj\u00f3 en el lugar y recogi\u00f3 los huesos para las pericias preliminares.<\/p>\n\n\n\n<p class=\"has-text-align-center\"><em><strong><em><strong><em><strong><em><strong><a href=\"https:\/\/t.me\/esreviral\">\u00daNETE A NUESTRO CANAL DE TELEGRAM PARA ESTAR INFORMADO<\/a><\/strong><\/em><\/strong><\/em><\/strong><\/em><\/strong><\/em><\/p>\n\n\n\n<p><\/p>\n\n\n\n<p class=\"has-text-align-right\"><strong><em>Con Informaci\u00f3n de TN.-<\/em><\/strong><\/p>\n","protected":false},"excerpt":{"rendered":"<p>Se determin\u00f3 que al adolescente fue asesinado a pu\u00f1aladas y enterrado. fuentes judiciales que contaron c\u00f3mo seguir\u00e1 la investigaci\u00f3n.<\/p>\n","protected":false},"author":3,"featured_media":76398,"comment_status":"closed","ping_status":"closed","sticky":false,"template":"","format":"standard","meta":{"jnews-multi-image_gallery":[],"jnews_single_post":{"format":"standard"},"jnews_primary_category":[],"jnews_social_meta":[],"jnews_review":[],"enable_review":"","type":"","name":"","summary":"","brand":"","sku":"","good":[],"bad":[],"score_override":"","override_value":"","rating":[],"price":[],"jnews_override_counter":[],"jnews_post_split":[],"footnotes":""},"categories":[43],"tags":[44,30950,2937,3768,18213,45,1057],"class_list":["post-76397","post","type-post","status-publish","format-standard","has-post-thumbnail","hentry","category-actualidad","tag-argentina","tag-coghlan","tag-famosos","tag-gustavo-cerati","tag-multiples-punaladas","tag-noticias","tag-show"],"amp_enabled":true,"_links":{"self":[{"href":"https:\/\/esreviral.com\/index.php?rest_route=\/wp\/v2\/posts\/76397"}],"collection":[{"href":"https:\/\/esreviral.com\/index.php?rest_route=\/wp\/v2\/posts"}],"about":[{"href":"https:\/\/esreviral.com\/index.php?rest_route=\/wp\/v2\/types\/post"}],"author":[{"embeddable":true,"href":"https:\/\/esreviral.com\/index.php?rest_route=\/wp\/v2\/users\/3"}],"replies":[{"embeddable":true,"href":"https:\/\/esreviral.com\/index.php?rest_route=%2Fwp%2Fv2%2Fcomments&post=76397"}],"version-history":[{"count":1,"href":"https:\/\/esreviral.com\/index.php?rest_route=\/wp\/v2\/posts\/76397\/revisions"}],"predecessor-version":[{"id":76399,"href":"https:\/\/esreviral.com\/index.php?rest_route=\/wp\/v2\/posts\/76397\/revisions\/76399"}],"wp:featuredmedia":[{"embeddable":true,"href":"https:\/\/esreviral.com\/index.php?rest_route=\/wp\/v2\/media\/76398"}],"wp:attachment":[{"href":"https:\/\/esreviral.com\/index.php?rest_route=%2Fwp%2Fv2%2Fmedia&parent=76397"}],"wp:term":[{"taxonomy":"category","embeddable":true,"href":"https:\/\/esreviral.com\/index.php?rest_route=%2Fwp%2Fv2%2Fcategories&post=76397"},{"taxonomy":"post_tag","embeddable":true,"href":"https:\/\/esreviral.com\/index.php?rest_route=%2Fwp%2Fv2%2Ftags&post=76397"}],"curies":[{"name":"wp","href":"https:\/\/api.w.org\/{rel}","templated":true}]}}