{"id":76394,"date":"2025-07-01T13:33:44","date_gmt":"2025-07-01T18:33:44","guid":{"rendered":"https:\/\/esreviral.com\/?p=76394"},"modified":"2025-07-01T13:33:46","modified_gmt":"2025-07-01T18:33:46","slug":"fabiola-yanez-pedira-12-anos-de-prision-para-alberto-fernandez-por-violencia-de-genero","status":"publish","type":"post","link":"https:\/\/esreviral.com\/?p=76394","title":{"rendered":"Fabiola Y\u00e1\u00f1ez pedir\u00e1 12 a\u00f1os de prisi\u00f3n para Alberto Fern\u00e1ndez por violencia de g\u00e9nero"},"content":{"rendered":"\n<p><strong>La exprimera dama, Fabiola Y\u00e1\u00f1ez, solicitar\u00e1 una condena de 12 a\u00f1os de c\u00e1rcel para el expresidente Alberto Fern\u00e1ndez en el marco de la causa por violencia de g\u00e9nero<\/strong>. As\u00ed lo plantear\u00e1 su equipo legal ante la fiscal\u00eda, con el argumento de que los hechos comprobados en la investigaci\u00f3n, sumados a las amenazas coactivas denunciadas, justifican esa pena.<\/p>\n\n\n\n<p>Este pedido se produce luego de que el fiscal federal Ramiro Gonz\u00e1lez diera por concluida la etapa de instrucci\u00f3n y habilitara los pasos para avanzar hacia el juicio oral. Seg\u00fan lo establece el C\u00f3digo Procesal, el fiscal traslad\u00f3 la causa a Y\u00e1\u00f1ez para que exprese su posici\u00f3n formal.<\/p>\n\n\n\n<p>Una vez oficializada su respuesta, Gonz\u00e1lez evaluar\u00e1 el pronunciamiento de la querella y, si lo considera viable, presentar\u00e1 el requerimiento de elevaci\u00f3n a juicio ante el juez Juli\u00e1n Ercolini. Posteriormente, la defensa de Fern\u00e1ndez podr\u00e1 responder por escrito, instancia en la que se prev\u00e9 que el exmandatario apelar\u00e1 la medida. Finalmente, ser\u00e1 Ercolini quien determine si el caso avanza hacia el juicio oral.<\/p>\n\n\n\n<p class=\"has-text-align-center\"><strong><a href=\"https:\/\/chat.whatsapp.com\/KWkTmakY3I05kNdd2oZl6d\"><em>\u00daNETE A NUESTRO GRUPO DE WHATSAPP PARA ESTAR INFORMADO<\/em><\/a><\/strong><\/p>\n\n\n\n<h3 class=\"wp-block-heading\"><strong><mark style=\"background-color:rgba(0, 0, 0, 0)\" class=\"has-inline-color has-vivid-red-color\">Avances en la causa<\/mark><\/strong><\/h3>\n\n\n\n<p>En abril, la C\u00e1mara Federal porte\u00f1a confirm\u00f3 el procesamiento de Alberto Fern\u00e1ndez por \u201c<strong>lesiones leves agravadas por haber sido cometidas en un contexto de violencia de g\u00e9nero\u201d, \u201clesiones graves\u201d y \u201camenazas coactivas<\/strong>\u201d contra Y\u00e1\u00f1ez, con quien mantuvo una relaci\u00f3n entre 2016 y mediados de 2024.<\/p>\n\n\n\n<p>Los jueces Mart\u00edn Irurzun y Eduardo Farah se\u00f1alaron en su fallo que el v\u00ednculo entre ambos estuvo marcado por una \u201c<strong><em>violencia habitual y constante\u201d,<\/em><\/strong> especialmente de tipo psicol\u00f3gica, aunque tambi\u00e9n se registraron episodios f\u00edsicos. Seg\u00fan el tribunal, la relaci\u00f3n se desarroll\u00f3 en un contexto de \u201caislamiento forzado\u201d dentro de la Quinta de Olivos, donde el expresidente ejerc\u00eda control total.<\/p>\n\n\n\n<p>\u201c<strong><em>Existen fuertes elementos que permiten sostener que los hechos acreditados \u2014incluidas lesiones y otras formas de violencia\u2014 provocaron un serio deterioro en la salud de la v\u00edctima<\/em><\/strong>\u201d, indicaron los magistrados. Tambi\u00e9n destacaron que Fern\u00e1ndez conoc\u00eda desde el inicio la situaci\u00f3n de vulnerabilidad de Y\u00e1\u00f1ez y que esta se encontraba en clara desigualdad de poder.<\/p>\n\n\n\n<p>En febrero, el juez Ercolini proces\u00f3 a Fern\u00e1ndez, embarg\u00f3 sus bienes por 10 millones de pesos y le impuso una orden de restricci\u00f3n que le proh\u00edbe acercarse a menos de 500 metros de Y\u00e1\u00f1ez o contactarla por cualquier medio.<\/p>\n\n\n\n<p>En su defensa, el exmandatario present\u00f3 una apelaci\u00f3n de 59 p\u00e1ginas en la que neg\u00f3 todas las acusaciones y solicit\u00f3 su sobreseimiento. Asegur\u00f3 que no existen pruebas directas en su contra, que los hechos se sustentan en interpretaciones subjetivas y que los chats en los que Y\u00e1\u00f1ez relataba situaciones de violencia no fueron extra\u00eddos de su tel\u00e9fono original.<\/p>\n\n\n\n<p>\u201c<strong><em>La ausencia de evidencia directa no puede ser sustituida por construcciones subjetivas\u201d<\/em><\/strong>, aleg\u00f3 su equipo legal.<\/p>\n\n\n\n<p class=\"has-text-align-center\"><em><strong><em><strong><em><strong><em><strong><a href=\"https:\/\/t.me\/esreviral\">\u00daNETE A NUESTRO CANAL DE TELEGRAM PARA ESTAR INFORMADO<\/a><\/strong><\/em><\/strong><\/em><\/strong><\/em><\/strong><\/em><\/p>\n\n\n\n<p><strong><em><mark style=\"background-color:rgba(0, 0, 0, 0)\" class=\"has-inline-color has-vivid-red-color\"><a href=\"https:\/\/esreviral.com\/?p=76302\" data-type=\"link\" data-id=\"https:\/\/esreviral.com\/?p=76302\">Lea Tambi\u00e9n: Violencia de g\u00e9nero contra Fabiola Ya\u00f1ez: el fiscal termin\u00f3 la investigaci\u00f3n y Alberto Fern\u00e1ndez qued\u00f3 a un paso de ir a juicio<\/a><\/mark><\/em><\/strong><\/p>\n\n\n\n<p class=\"has-text-align-right\"><strong><em>Con Informaci\u00f3n de TN.-<\/em><\/strong><\/p>\n","protected":false},"excerpt":{"rendered":"<p>El fiscal Ramiro Gonz\u00e1lez dio por terminada la investigaci\u00f3n contra el expresidente y comenz\u00f3 los pasos formales para solicitar la elevaci\u00f3n a juicio.<\/p>\n","protected":false},"author":3,"featured_media":76395,"comment_status":"closed","ping_status":"closed","sticky":false,"template":"","format":"standard","meta":{"jnews-multi-image_gallery":[],"jnews_single_post":{"format":"standard"},"jnews_primary_category":[],"jnews_social_meta":[],"jnews_review":[],"enable_review":"","type":"","name":"","summary":"","brand":"","sku":"","good":[],"bad":[],"score_override":"","override_value":"","rating":[],"price":[],"jnews_override_counter":[],"jnews_post_split":[],"footnotes":""},"categories":[58,59],"tags":[86,44,2130,45,310],"class_list":["post-76394","post","type-post","status-publish","format-standard","has-post-thumbnail","hentry","category-argentina","category-politica","tag-alberto-fernandez","tag-argentina","tag-fabiola-yanez","tag-noticias","tag-violencia-de-genero"],"amp_enabled":true,"_links":{"self":[{"href":"https:\/\/esreviral.com\/index.php?rest_route=\/wp\/v2\/posts\/76394"}],"collection":[{"href":"https:\/\/esreviral.com\/index.php?rest_route=\/wp\/v2\/posts"}],"about":[{"href":"https:\/\/esreviral.com\/index.php?rest_route=\/wp\/v2\/types\/post"}],"author":[{"embeddable":true,"href":"https:\/\/esreviral.com\/index.php?rest_route=\/wp\/v2\/users\/3"}],"replies":[{"embeddable":true,"href":"https:\/\/esreviral.com\/index.php?rest_route=%2Fwp%2Fv2%2Fcomments&post=76394"}],"version-history":[{"count":1,"href":"https:\/\/esreviral.com\/index.php?rest_route=\/wp\/v2\/posts\/76394\/revisions"}],"predecessor-version":[{"id":76396,"href":"https:\/\/esreviral.com\/index.php?rest_route=\/wp\/v2\/posts\/76394\/revisions\/76396"}],"wp:featuredmedia":[{"embeddable":true,"href":"https:\/\/esreviral.com\/index.php?rest_route=\/wp\/v2\/media\/76395"}],"wp:attachment":[{"href":"https:\/\/esreviral.com\/index.php?rest_route=%2Fwp%2Fv2%2Fmedia&parent=76394"}],"wp:term":[{"taxonomy":"category","embeddable":true,"href":"https:\/\/esreviral.com\/index.php?rest_route=%2Fwp%2Fv2%2Fcategories&post=76394"},{"taxonomy":"post_tag","embeddable":true,"href":"https:\/\/esreviral.com\/index.php?rest_route=%2Fwp%2Fv2%2Ftags&post=76394"}],"curies":[{"name":"wp","href":"https:\/\/api.w.org\/{rel}","templated":true}]}}