{"id":76383,"date":"2025-07-01T12:15:26","date_gmt":"2025-07-01T17:15:26","guid":{"rendered":"https:\/\/esreviral.com\/?p=76383"},"modified":"2025-07-01T12:22:29","modified_gmt":"2025-07-01T17:22:29","slug":"rodeado-de-animales-peligrosos-asi-es-alligator-alcatraz-el-centro-de-detencion-de-migrantes-que-trump-inauguro","status":"publish","type":"post","link":"https:\/\/esreviral.com\/?p=76383","title":{"rendered":"Rodeado de animales peligrosos:\u00a0As\u00ed es Alligator Alcatraz, el centro de detenci\u00f3n de migrantes que Trump inaugur\u00f3"},"content":{"rendered":"\n<p>El presidente de Estados Unidos, <strong>Donald Trump<\/strong>, inaugur\u00f3 el nuevo centro de detenci\u00f3n para migrantes conocido como <strong>\u00abAlligator Alcatraz\u00bb<\/strong>, ubicado en los Everglades, junto al gobernador de Florida, <strong>Ron DeSantis<\/strong>. El nombre alude tanto a la famosa prisi\u00f3n de Alcatraz como a los numerosos caimanes que habitan la zona pantanosa donde fue construido el complejo.<\/p>\n\n\n\n<p class=\"has-text-align-center\"><strong><a href=\"https:\/\/chat.whatsapp.com\/KWkTmakY3I05kNdd2oZl6d\"><em>\u00daNETE A NUESTRO GRUPO DE WHATSAPP PARA ESTAR INFORMADO<\/em><\/a><\/strong><\/p>\n\n\n\n<p>Durante el acto, DeSantis anunci\u00f3 que <strong>esperan contar con jueces de inmigraci\u00f3n dentro del centro<\/strong> para acelerar los procesos judiciales y las deportaciones. \u201cEstamos ofreciendo a nuestra Guardia Nacional y otros miembros del estado para que act\u00faen como jueces de inmigraci\u00f3n. Ya estamos trabajando con el Departamento de Justicia para obtener las autorizaciones necesarias\u201d, asegur\u00f3 el gobernador.<\/p>\n\n\n\n<p>El centro, que <strong>tiene capacidad para albergar a 5.000 migrantes<\/strong>, fue construido en apenas ocho d\u00edas en una <strong>zona de alto valor ecol\u00f3gico<\/strong>, lo que gener\u00f3 fuertes cr\u00edticas de ambientalistas y l\u00edderes pol\u00edticos. Denuncian que se habr\u00edan <strong>violado leyes de protecci\u00f3n ambiental<\/strong> para agilizar su edificaci\u00f3n.<\/p>\n\n\n\n<p>Junto a Trump y DeSantis, tambi\u00e9n particip\u00f3 de la inauguraci\u00f3n la secretaria de Seguridad Nacional, <strong>Kristi Noem<\/strong>.<\/p>\n\n\n\n<h3 class=\"wp-block-heading\"><strong><mark style=\"background-color:rgba(0, 0, 0, 0)\" class=\"has-inline-color has-vivid-red-color\">Caimanes como \u201cguardianes\u201d<\/mark><\/strong><\/h3>\n\n\n\n<figure class=\"wp-block-image size-large\"><img decoding=\"async\" src=\"https:\/\/eldiario.com\/wp-content\/uploads\/2025\/07\/34b5bb65afcb5c0c20d45f9b921fb4eb1a143c74-1200x1181.jpg.webp\" alt=\"\"\/><\/figure>\n\n\n\n<p><\/p>\n\n\n\n<p>Ubicado en pleno humedal de los Everglades, el centro est\u00e1 rodeado de una gran poblaci\u00f3n de caimanes. Trump no perdi\u00f3 la oportunidad de bromear con esa particularidad:<\/p>\n\n\n\n<blockquote class=\"wp-block-quote is-layout-flow wp-block-quote-is-layout-flow\">\n<p>\u201cTenemos muchos guardaespaldas y muchos polic\u00edas en forma de caimanes. No hay que pagarles tanto\u201d, ironiz\u00f3.<\/p>\n<\/blockquote>\n\n\n\n<p>Adem\u00e1s, el exmandatario explic\u00f3 que esta peculiar caracter\u00edstica <strong>reducir\u00e1 los intentos de fuga<\/strong>:<\/p>\n\n\n\n<blockquote class=\"wp-block-quote is-layout-flow wp-block-quote-is-layout-flow\">\n<p>\u201cLes vamos a ense\u00f1ar c\u00f3mo escapar de un caim\u00e1n. No corran en l\u00ednea recta. Tus chances de huir aumentan apenas un 1%\u201d, dijo en tono sarc\u00e1stico.<\/p>\n<\/blockquote>\n\n\n\n<p>La comparaci\u00f3n con Alcatraz no es casual: Trump tambi\u00e9n adelant\u00f3 su intenci\u00f3n de <strong>reabrir la hist\u00f3rica prisi\u00f3n de San Francisco<\/strong>, lo que refuerza el mensaje de <strong>mano dura contra la inmigraci\u00f3n<\/strong> que ha adoptado de cara a su campa\u00f1a.<\/p>\n\n\n\n<p>Por su parte, el <strong>Departamento de Seguridad Nacional<\/strong> comparti\u00f3 recientemente una imagen en sus redes sociales donde se ve\u00edan varios caimanes con gorras del ICE (Servicio de Inmigraci\u00f3n y Control de Aduanas) patrullando las afueras de una prisi\u00f3n, lo que fue interpretado como una referencia directa al nuevo centro.<\/p>\n\n\n\n<p>Adem\u00e1s de Alligator Alcatraz, las autoridades de Florida confirmaron que <strong>otro centro de detenci\u00f3n para migrantes est\u00e1 en construcci\u00f3n en Jacksonville<\/strong>.<\/p>\n\n\n\n<p class=\"has-text-align-center\"><em><strong><em><strong><em><strong><em><strong><a href=\"https:\/\/t.me\/esreviral\">\u00daNETE A NUESTRO CANAL DE TELEGRAM PARA ESTAR INFORMADO<\/a><\/strong><\/em><\/strong><\/em><\/strong><\/em><\/strong><\/em><\/p>\n\n\n\n<blockquote class=\"twitter-tweet\"><p lang=\"es\" dir=\"ltr\">\ud83c\uddfa\ud83c\uddf8 | As\u00ed se ve Alligator Alcatraz, el nuevo centro de detenci\u00f3n para inmigrantes en Florida. Con capacidad para 5.000 personas, est\u00e1 rodeado de caimanes, serpientes y pantanos. <a href=\"https:\/\/t.co\/qohxB0ibqR\">pic.twitter.com\/qohxB0ibqR<\/a><\/p>&mdash; ES RE VIRAL (@esreviral) <a href=\"https:\/\/twitter.com\/esreviral\/status\/1940098409228038347?ref_src=twsrc%5Etfw\">July 1, 2025<\/a><\/blockquote> <script async src=\"https:\/\/platform.twitter.com\/widgets.js\" charset=\"utf-8\"><\/script>\n\n\n\n<p class=\"has-text-align-right\"><strong><em>Con Informaci\u00f3n de&nbsp;eldiario.com.-<\/em><\/strong><\/p>\n","protected":false},"excerpt":{"rendered":"<p>El presidente estadounidense estuvo acompa\u00f1ado del gobernador de Florida, Ron DeSantis, quien asegur\u00f3 que la prisi\u00f3n tendr\u00e1 sus propios jueces de inmigraci\u00f3n <\/p>\n","protected":false},"author":3,"featured_media":76384,"comment_status":"closed","ping_status":"closed","sticky":false,"template":"","format":"standard","meta":{"jnews-multi-image_gallery":[],"jnews_single_post":{"format":"standard"},"jnews_primary_category":[],"jnews_social_meta":[],"jnews_review":[],"enable_review":"","type":"","name":"","summary":"","brand":"","sku":"","good":[],"bad":[],"score_override":"","override_value":"","rating":[],"price":[],"jnews_override_counter":[],"jnews_post_split":[],"footnotes":""},"categories":[54,88],"tags":[32475,11456,2088,16016,4423,7868,315,45,2945],"class_list":["post-76383","post","type-post","status-publish","format-standard","has-post-thumbnail","hentry","category-inmigracion","category-internacionales","tag-alligator-alcatraz","tag-centro-de-detencion","tag-donald-trump","tag-ee-uu","tag-florida","tag-inauguracion","tag-migrantes","tag-noticias","tag-prision"],"amp_enabled":true,"_links":{"self":[{"href":"https:\/\/esreviral.com\/index.php?rest_route=\/wp\/v2\/posts\/76383"}],"collection":[{"href":"https:\/\/esreviral.com\/index.php?rest_route=\/wp\/v2\/posts"}],"about":[{"href":"https:\/\/esreviral.com\/index.php?rest_route=\/wp\/v2\/types\/post"}],"author":[{"embeddable":true,"href":"https:\/\/esreviral.com\/index.php?rest_route=\/wp\/v2\/users\/3"}],"replies":[{"embeddable":true,"href":"https:\/\/esreviral.com\/index.php?rest_route=%2Fwp%2Fv2%2Fcomments&post=76383"}],"version-history":[{"count":2,"href":"https:\/\/esreviral.com\/index.php?rest_route=\/wp\/v2\/posts\/76383\/revisions"}],"predecessor-version":[{"id":76386,"href":"https:\/\/esreviral.com\/index.php?rest_route=\/wp\/v2\/posts\/76383\/revisions\/76386"}],"wp:featuredmedia":[{"embeddable":true,"href":"https:\/\/esreviral.com\/index.php?rest_route=\/wp\/v2\/media\/76384"}],"wp:attachment":[{"href":"https:\/\/esreviral.com\/index.php?rest_route=%2Fwp%2Fv2%2Fmedia&parent=76383"}],"wp:term":[{"taxonomy":"category","embeddable":true,"href":"https:\/\/esreviral.com\/index.php?rest_route=%2Fwp%2Fv2%2Fcategories&post=76383"},{"taxonomy":"post_tag","embeddable":true,"href":"https:\/\/esreviral.com\/index.php?rest_route=%2Fwp%2Fv2%2Ftags&post=76383"}],"curies":[{"name":"wp","href":"https:\/\/api.w.org\/{rel}","templated":true}]}}