{"id":76344,"date":"2025-06-30T16:33:05","date_gmt":"2025-06-30T21:33:05","guid":{"rendered":"https:\/\/esreviral.com\/?p=76344"},"modified":"2025-06-30T17:25:48","modified_gmt":"2025-06-30T22:25:48","slug":"que-comer-durante-la-ola-de-frio-polar-nutricionista-de-mas-salud-te-lo-explica","status":"publish","type":"post","link":"https:\/\/esreviral.com\/?p=76344","title":{"rendered":"Qu\u00e9 comer durante la ola de fr\u00edo Polar, nutricionista de M\u00e1s Salud te lo explica"},"content":{"rendered":"\n<p>Argentina ha sido calificado como uno de los pa\u00edses m\u00e1s fr\u00edos del mundo en estos d\u00edas, tiempo en el que una ola de fr\u00edo Polar atraviesa el pa\u00eds, es por eso, que mantenerse bien abrigado es recomendable y vestirse en capas pero tambi\u00e9n surge otra gran inc\u00f3gnita <strong>\u00bfqu\u00e9 comer durante estos d\u00edas?<\/strong><\/p>\n\n\n\n<p>La licenciada <strong>Mari Ferrer, nutricionista del <a href=\"https:\/\/www.instagram.com\/centromasalud\/\">Centro M\u00e1s Salud<\/a><\/strong> y con amplia trayectoria en su profesi\u00f3n, cuenta que <strong>\u00abla alimentaci\u00f3n para el invierno debe estar pensada especialmente para fortalecer las defensas y una elaboraci\u00f3n desde un enfoque profesional en nutrici\u00f3n\u00bb.<\/strong><\/p>\n\n\n\n<p>Destaca los colores en el plato.\u00bbSe debe incluir <strong>frutas y verduras de temporada<\/strong> (c\u00edtricos, zapallo, zanahoria, espinaca, br\u00f3coli). Su riqueza en vitamina C, betacarotenos y antioxidantes ayuda a reforzar el sistema inmune\u00bb, ideal para toda la familia. <\/p>\n\n\n\n<p>Tambi\u00e9n invita a incluir en la dieta diaria, alimentos ricos en zinc y selenio <strong>\u00abestos minerales son esenciales para la respuesta inmune. Incluye: Semillas de calabaza y girasol, Nueces y almendras, Pescados (sardina, salm\u00f3n) y Huevos\u00bb. <\/strong><\/p>\n\n\n\n<p>Obviamente la comida caliente como consom\u00e9s, sopas o caldos nutritivos deben estar presentes, <strong>\u00abpreparar caldos caseros con verduras, legumbres y huesos (si consumes carne)<\/strong>. Aportan minerales, amino\u00e1cidos y l\u00edquidos calientes que favorecen la hidrataci\u00f3n y la salud digestiva.Tambi\u00e9n se pueden incluir Probi\u00f3ticos y prebi\u00f3ticos naturales. Un intestino sano ayuda a tener defensas fuertes:<br>\u2022 Probi\u00f3ticos: yogur natural, k\u00e9fir, chucrut<br>\u2022 Prebi\u00f3ticos: ajo, cebolla, puerro, avena\u00bb.<\/p>\n\n\n\n<figure class=\"wp-block-image size-large\"><img fetchpriority=\"high\" decoding=\"async\" width=\"683\" height=\"1024\" src=\"https:\/\/esreviral.com\/wp-content\/uploads\/2025\/06\/MG_7659-683x1024.webp\" alt=\"\" class=\"wp-image-76355\" srcset=\"https:\/\/esreviral.com\/wp-content\/uploads\/2025\/06\/MG_7659-683x1024.webp 683w, https:\/\/esreviral.com\/wp-content\/uploads\/2025\/06\/MG_7659-200x300.webp 200w, https:\/\/esreviral.com\/wp-content\/uploads\/2025\/06\/MG_7659-768x1152.webp 768w, https:\/\/esreviral.com\/wp-content\/uploads\/2025\/06\/MG_7659-1024x1536.webp 1024w, https:\/\/esreviral.com\/wp-content\/uploads\/2025\/06\/MG_7659-1366x2048.webp 1366w, https:\/\/esreviral.com\/wp-content\/uploads\/2025\/06\/MG_7659-scaled.webp 1707w\" sizes=\"(max-width: 683px) 100vw, 683px\" \/><figcaption class=\"wp-element-caption\">Licenciada Mari Ferrer del Centro M\u00e1s Salud<\/figcaption><\/figure>\n\n\n\n<p>Seg\u00fan su experiencia, <strong>\u00abse pueden usar infusiones funcionales como t\u00e9 de jengibre, t\u00e9 verde, infusiones de c\u00farcuma o rooibos. Calientan, hidratan y aportan antioxidantes\u00bb.<\/strong><\/p>\n\n\n\n<p>La licenciada que ve consultas en el <strong><a href=\"https:\/\/www.instagram.com\/centromasalud\/\">Centro M\u00e1s Salud todas las semanas<\/a><\/strong>, tambi\u00e9n recomienda el consumo de prote\u00ednas de calidad todos los d\u00edas, \u00abdebido a que aseguran la producci\u00f3n de anticuerpos: carne magra, pescado, huevo, legumbres y l\u00e1cteos. Es muy importante mantener una Hidrataci\u00f3n, incluso sin sed<br>El fr\u00edo reduce la sensaci\u00f3n de sed, pero el cuerpo sigue necesitando agua. Puedes sumar caldos, infusiones y agua saborizada naturalmente (con rodajas de c\u00edtricos o hierbas)\u00bb.<\/p>\n\n\n\n<p><strong>Resalto la importancia de la vitamina D y grasas saludables,<\/strong> \u00abporque en invierno, baja la exposici\u00f3n solar, por lo que se debe incluir:<br>\u2022 Pescados grasos (salm\u00f3n, caballa)<br>\u2022 L\u00e1cteos fortificados<br>\u2022 Semillas y palta (aguacate)<br>Tip extra: Cuida el equilibrio:<strong> evita ultra procesados, exceso de az\u00facar y alcohol, <\/strong>ya que debilitan las defensas.<\/p>\n\n\n\n<p>Recuerda que la licenciada Ferrer est\u00e1 en Larrea 848, piso 2,<strong><a href=\"https:\/\/www.instagram.com\/centromasalud\/\"> Centro M\u00e1s Salud de Buenos Aires,<\/a><\/strong> donde m\u00e1s que un centro de atenci\u00f3n es una familia. <\/p>\n\n\n\n<p><strong>Aqu\u00ed puedes agendar tu cita:<\/strong> +54 9 11 3559-4304<\/p>\n\n\n","protected":false},"excerpt":{"rendered":"<p>Argentina ha sido calificado como uno de los pa\u00edses m\u00e1s fr\u00edos del mundo en estos d\u00edas, tiempo en el que una ola de fr\u00edo Polar atraviesa el pa\u00eds, es por eso, que mantenerse bien abrigado es recomendable y vestirse en capas pero tambi\u00e9n surge otra gran inc\u00f3gnita \u00bfqu\u00e9 comer durante estos d\u00edas? La licenciada Mari [&hellip;]<\/p>\n","protected":false},"author":2,"featured_media":76353,"comment_status":"closed","ping_status":"closed","sticky":false,"template":"","format":"standard","meta":{"jnews-multi-image_gallery":[],"jnews_single_post":{"format":"standard"},"jnews_primary_category":[],"jnews_social_meta":[],"jnews_review":[],"enable_review":"","type":"","name":"","summary":"","brand":"","sku":"","good":[],"bad":[],"score_override":"","override_value":"","rating":[],"price":[],"jnews_override_counter":[],"jnews_post_split":[],"footnotes":""},"categories":[84,5892],"tags":[7041,894,16342,32428,45,2438,67],"class_list":["post-76344","post","type-post","status-publish","format-standard","has-post-thumbnail","hentry","category-salud","category-venezolanos-en-argentina","tag-centro-mas-salud-2","tag-ciudad-de-buenos-aires","tag-frio-polar","tag-marieugenia-ferrer","tag-noticias","tag-ola-de-frio","tag-venezolanos-en-argentina"],"amp_enabled":true,"_links":{"self":[{"href":"https:\/\/esreviral.com\/index.php?rest_route=\/wp\/v2\/posts\/76344"}],"collection":[{"href":"https:\/\/esreviral.com\/index.php?rest_route=\/wp\/v2\/posts"}],"about":[{"href":"https:\/\/esreviral.com\/index.php?rest_route=\/wp\/v2\/types\/post"}],"author":[{"embeddable":true,"href":"https:\/\/esreviral.com\/index.php?rest_route=\/wp\/v2\/users\/2"}],"replies":[{"embeddable":true,"href":"https:\/\/esreviral.com\/index.php?rest_route=%2Fwp%2Fv2%2Fcomments&post=76344"}],"version-history":[{"count":2,"href":"https:\/\/esreviral.com\/index.php?rest_route=\/wp\/v2\/posts\/76344\/revisions"}],"predecessor-version":[{"id":76356,"href":"https:\/\/esreviral.com\/index.php?rest_route=\/wp\/v2\/posts\/76344\/revisions\/76356"}],"wp:featuredmedia":[{"embeddable":true,"href":"https:\/\/esreviral.com\/index.php?rest_route=\/wp\/v2\/media\/76353"}],"wp:attachment":[{"href":"https:\/\/esreviral.com\/index.php?rest_route=%2Fwp%2Fv2%2Fmedia&parent=76344"}],"wp:term":[{"taxonomy":"category","embeddable":true,"href":"https:\/\/esreviral.com\/index.php?rest_route=%2Fwp%2Fv2%2Fcategories&post=76344"},{"taxonomy":"post_tag","embeddable":true,"href":"https:\/\/esreviral.com\/index.php?rest_route=%2Fwp%2Fv2%2Ftags&post=76344"}],"curies":[{"name":"wp","href":"https:\/\/api.w.org\/{rel}","templated":true}]}}