{"id":7632,"date":"2021-06-17T11:08:47","date_gmt":"2021-06-17T14:08:47","guid":{"rendered":"http:\/\/esreviral.com\/?p=7632"},"modified":"2021-06-17T11:08:47","modified_gmt":"2021-06-17T14:08:47","slug":"rafael-nadal-no-jugara-wimbledon-ni-los-juegos-olimpicos","status":"publish","type":"post","link":"https:\/\/esreviral.com\/?p=7632","title":{"rendered":"Rafael Nadal no jugar\u00e1 Wimbledon ni los Juegos Ol\u00edmpicos"},"content":{"rendered":"\n<p>El tenista espa\u00f1ol&nbsp;<strong>Rafael Nadal<\/strong>, actual n\u00famero 3 del mundo y una de las leyendas del deporte de las raquetas,&nbsp;<strong>anunci\u00f3 que no participar\u00e1 de Wimbledon&nbsp;<\/strong>(el tercer Grand Slam de la temporada, que comenzar\u00e1 el 28 del actual)&nbsp;<strong>ni en los Juegos Ol\u00edmpicos de Tokio 2020<\/strong>, previstos del 24 al 30 de julio.<\/p>\n\n\n\n<p>\u201cEs una decisi\u00f3n que nunca resulta f\u00e1cil de tomar. Tras escuchar mi cuerpo y hablar con mi equipo entiendo que es la decisi\u00f3n acertada con el objetivo de alargar mi carrera deportiva y seguir haciendo lo que me hace feliz; competir al m\u00e1ximo nivel y seguir luchando\u201d, comunic\u00f3 el ganador de 20 trofeos de Grand Slam, que el 3 del mes actual cumpli\u00f3 35 a\u00f1os.<\/p>\n\n\n\n<figure class=\"wp-block-embed-twitter wp-block-embed is-type-rich is-provider-twitter\"><div class=\"wp-block-embed__wrapper\">\n<blockquote class=\"twitter-tweet\" data-width=\"500\" data-dnt=\"true\"><p lang=\"es\" dir=\"ltr\">Hola a todos. Quiero comunicaros que he decidido no participar en la pr\u00f3xima edici\u00f3n de Wimbledon que se disputar\u00e1 del 28 de junio al 11 de julio. Tampoco jugar\u00e9 los Juegos Ol\u00edmpicos previstos finalmente del 24 al 30 de julio.<\/p>&mdash; Rafa Nadal (@RafaelNadal) <a href=\"https:\/\/twitter.com\/RafaelNadal\/status\/1405488078026952708?ref_src=twsrc%5Etfw\">June 17, 2021<\/a><\/blockquote><script async src=\"https:\/\/platform.twitter.com\/widgets.js\" charset=\"utf-8\"><\/script>\n<\/div><\/figure>\n","protected":false},"excerpt":{"rendered":"<p>El tenista espa\u00f1ol&nbsp;Rafael Nadal, actual n\u00famero 3 del mundo y una de las leyendas del deporte de las raquetas,&nbsp;anunci\u00f3 que no participar\u00e1 de Wimbledon&nbsp;(el tercer Grand Slam de la temporada, que comenzar\u00e1 el 28 del actual)&nbsp;ni en los Juegos Ol\u00edmpicos de Tokio 2020, previstos del 24 al 30 de julio. \u201cEs una decisi\u00f3n que nunca [&hellip;]<\/p>\n","protected":false},"author":2,"featured_media":7633,"comment_status":"open","ping_status":"open","sticky":false,"template":"","format":"standard","meta":{"jnews-multi-image_gallery":[],"jnews_single_post":[],"jnews_primary_category":[],"jnews_social_meta":[],"jnews_review":[],"enable_review":"","type":"","name":"","summary":"","brand":"","sku":"","good":[],"bad":[],"score_override":"","override_value":"","rating":[],"price":[],"jnews_override_counter":[],"jnews_post_split":[],"footnotes":""},"categories":[48],"tags":[419,906,907],"class_list":["post-7632","post","type-post","status-publish","format-standard","has-post-thumbnail","hentry","category-deportes","tag-juegos-olimpicos","tag-rafael-nadal","tag-tenis"],"amp_enabled":true,"_links":{"self":[{"href":"https:\/\/esreviral.com\/index.php?rest_route=\/wp\/v2\/posts\/7632"}],"collection":[{"href":"https:\/\/esreviral.com\/index.php?rest_route=\/wp\/v2\/posts"}],"about":[{"href":"https:\/\/esreviral.com\/index.php?rest_route=\/wp\/v2\/types\/post"}],"author":[{"embeddable":true,"href":"https:\/\/esreviral.com\/index.php?rest_route=\/wp\/v2\/users\/2"}],"replies":[{"embeddable":true,"href":"https:\/\/esreviral.com\/index.php?rest_route=%2Fwp%2Fv2%2Fcomments&post=7632"}],"version-history":[{"count":0,"href":"https:\/\/esreviral.com\/index.php?rest_route=\/wp\/v2\/posts\/7632\/revisions"}],"wp:featuredmedia":[{"embeddable":true,"href":"https:\/\/esreviral.com\/index.php?rest_route=\/"}],"wp:attachment":[{"href":"https:\/\/esreviral.com\/index.php?rest_route=%2Fwp%2Fv2%2Fmedia&parent=7632"}],"wp:term":[{"taxonomy":"category","embeddable":true,"href":"https:\/\/esreviral.com\/index.php?rest_route=%2Fwp%2Fv2%2Fcategories&post=7632"},{"taxonomy":"post_tag","embeddable":true,"href":"https:\/\/esreviral.com\/index.php?rest_route=%2Fwp%2Fv2%2Ftags&post=7632"}],"curies":[{"name":"wp","href":"https:\/\/api.w.org\/{rel}","templated":true}]}}