{"id":76310,"date":"2025-06-30T10:57:20","date_gmt":"2025-06-30T15:57:20","guid":{"rendered":"https:\/\/esreviral.com\/?p=76310"},"modified":"2025-06-30T10:57:22","modified_gmt":"2025-06-30T15:57:22","slug":"capturaron-a-presunta-complice-del-crimen-del-influencer-asesinado-en-venezuela","status":"publish","type":"post","link":"https:\/\/esreviral.com\/?p=76310","title":{"rendered":"Capturaron a presunta c\u00f3mplice del crimen del influencer asesinado en Venezuela"},"content":{"rendered":"\n<p>El <strong>Ministerio P\u00fablico<\/strong> confirm\u00f3 este domingo la detenci\u00f3n de <strong>Pierina Uribarri<\/strong>, se\u00f1alada como presunta<strong><a href=\"https:\/\/esreviral.com\/?p=75886\" data-type=\"link\" data-id=\"https:\/\/esreviral.com\/?p=75886\"> c\u00f3mplice en el asesinato del influencer Gabriel Jes\u00fas Sarmiento, ocurrido en Maracay, estado Aragua, Venezuela.<\/a><\/strong><\/p>\n\n\n\n<p>La informaci\u00f3n fue difundida por el fiscal general <strong>Tarek William Saab<\/strong> a trav\u00e9s de una publicaci\u00f3n en Instagram, donde precis\u00f3 que Uribarri ser\u00e1 imputada por los delitos de <strong>homicidio intencional calificado ejecutado con alevos\u00eda y por motivos f\u00fatiles e innobles en grado de cooperadora inmediata, asociaci\u00f3n para delinquir agravada y terrorismo<\/strong>.<\/p>\n\n\n\n<p class=\"has-text-align-center\"><strong><a href=\"https:\/\/chat.whatsapp.com\/KWkTmakY3I05kNdd2oZl6d\"><em>\u00daNETE A NUESTRO GRUPO DE WHATSAPP PARA ESTAR INFORMADO<\/em><\/a><\/strong><\/p>\n\n\n\n<p>Adem\u00e1s, el fiscal inform\u00f3 que se solicit\u00f3 orden de aprehensi\u00f3n contra los presuntos autores materiales del crimen, quienes enfrentar\u00e1n los mismos cargos.<\/p>\n\n\n\n<p>Por su parte, el ministro de Relaciones Interiores, Justicia y Paz, <strong>Diosdado Cabello<\/strong>, anunci\u00f3 el pasado viernes la detenci\u00f3n de otro implicado en el caso. \u201cAyer capturamos a una persona. Ya sabemos qui\u00e9nes lo mataron. Todos est\u00e1n plenamente identificados\u201d, afirm\u00f3.<\/p>\n\n\n\n<p>Cabello descart\u00f3 la participaci\u00f3n de funcionarios policiales del estado Aragua, aunque vincul\u00f3 el hecho con planes para desestabilizar al pa\u00eds. \u201cNo fue la polic\u00eda&#8230; Todo est\u00e1 relacionado con la generaci\u00f3n de violencia. El enemigo no tiene escr\u00fapulos, es capaz de cualquier cosa\u201d, asegur\u00f3.<\/p>\n\n\n\n<p class=\"has-text-align-center\"><strong><em><mark style=\"background-color:rgba(0, 0, 0, 0)\" class=\"has-inline-color has-vivid-red-color\">Lea Tambi\u00e9n: <a href=\"https:\/\/esreviral.com\/?p=75975\">\u00bfQui\u00e9n era el tiktoker asesinado en vivo mientras denunciaba a bandas criminales?<\/a><\/mark><\/em><\/strong><\/p>\n\n\n\n<h3 class=\"wp-block-heading\"><strong><mark style=\"background-color:rgba(0, 0, 0, 0)\" class=\"has-inline-color has-vivid-red-color\">Un asesinato en vivo<\/mark><\/strong><\/h3>\n\n\n\n<p>Gabriel Jes\u00fas Sarmiento fue asesinado la noche del domingo mientras realizaba una transmisi\u00f3n en vivo por <strong>TikTok<\/strong> desde una residencia en Maracay, donde se encontraba oculto.<\/p>\n\n\n\n<p>Reportes preliminares indican que un grupo de hombres armados <strong>irrumpi\u00f3 en el lugar y lo asesin\u00f3 durante el live<\/strong>. En ese momento, Sarmiento denunciaba p\u00fablicamente a bandas delictivas como <strong>el Tren de Aragua y el Tren del Llano<\/strong>, as\u00ed como a <strong>funcionarios policiales<\/strong> presuntamente involucrados en corrupci\u00f3n.<\/p>\n\n\n\n<p>\u201cEstamos cundidos de funcionarios delincuentes, que trabajan con delincuentes comunes\u2026 Hay miembros de la brigada motorizada de la Polic\u00eda de Aragua organiz\u00e1ndose para joderme, para sembrarme pruebas\u201d, denunci\u00f3 el influencer poco antes de ser atacado.<\/p>\n\n\n\n<p class=\"has-text-align-center\"><strong><em><mark style=\"background-color:rgba(0, 0, 0, 0)\" class=\"has-inline-color has-vivid-red-color\">Lea Tambi\u00e9n: <a href=\"https:\/\/esreviral.com\/?p=76168\">Madre de tiktoker asesinado en Venezuela fue operada tras ser herida en el mismo ataque contra su hijo<\/a><\/mark><\/em><\/strong><\/p>\n\n\n\n<h3 class=\"wp-block-heading\"><strong><mark style=\"background-color:rgba(0, 0, 0, 0)\" class=\"has-inline-color has-vivid-red-color\">Denuncias sin respuesta<\/mark><\/strong><\/h3>\n\n\n\n<p>Durante la misma transmisi\u00f3n, Sarmiento critic\u00f3 la inacci\u00f3n de las autoridades. \u201cEl fiscal superior del estado Aragua ha sido un incompetente. A pesar de todas mis denuncias, nunca me apoy\u00f3. Lo vinculo directamente con el Tren de Aragua\u201d, declar\u00f3.<\/p>\n\n\n\n<p>Tambi\u00e9n expres\u00f3 su deseo de justicia: \u201cLo \u00fanico que quiero es una Aragua mejor para todos. Necesito que hagan pagar a los culpables que est\u00e1n aqu\u00ed, en mi perfil de TikTok. Ellos caminan libremente por las calles mientras yo estoy en la clandestinidad. Eso me parece absurdo\u201d.<\/p>\n\n\n\n<p>La transmisi\u00f3n fue <strong>interrumpida abruptamente tras escucharse gritos y disparos<\/strong>, seg\u00fan rese\u00f1\u00f3 el medio <em>Versi\u00f3n Final<\/em>. El asesinato caus\u00f3 conmoci\u00f3n entre sus seguidores, que presenciaron parte del ataque en tiempo real.<\/p>\n\n\n\n<p>Gabriel Jes\u00fas Sarmiento era <strong>programador y analista de ciberseguridad<\/strong>. El caso est\u00e1 siendo investigado por organismos policiales. Hasta el momento, se desconocen detalles sobre el m\u00f3vil exacto del crimen o la identidad de todos los responsables.<\/p>\n\n\n\n<p class=\"has-text-align-center\"><em><strong><em><strong><em><strong><em><strong><a href=\"https:\/\/t.me\/esreviral\">\u00daNETE A NUESTRO CANAL DE TELEGRAM PARA ESTAR INFORMADO<\/a><\/strong><\/em><\/strong><\/em><\/strong><\/em><\/strong><\/em><\/p>\n\n\n\n<p class=\"has-text-align-center\"><strong><em><mark style=\"background-color:rgba(0, 0, 0, 0)\" class=\"has-inline-color has-vivid-red-color\">Lea Tambi\u00e9n: <a href=\"https:\/\/esreviral.com\/?p=76180\">Asesinato en TikTok: ya hay un sospechoso detenido<\/a><\/mark><\/em><\/strong><\/p>\n\n\n\n<p class=\"has-text-align-right\"><strong><em>Con Informaci\u00f3n de ElNacional.-<\/em><\/strong><\/p>\n","protected":false},"excerpt":{"rendered":"<p>Tarek William Saab indic\u00f3 que la mujer ser\u00e1 acusada de los delitos de homicidio intencional calificado ejecutado con alevos\u00eda y por motivos f\u00fatiles e innobles en grado de cooperadora inmediata, asociaci\u00f3n agravada y terrorismo<\/p>\n","protected":false},"author":3,"featured_media":76313,"comment_status":"closed","ping_status":"closed","sticky":false,"template":"","format":"standard","meta":{"jnews-multi-image_gallery":[],"jnews_single_post":{"format":"standard"},"jnews_primary_category":[],"jnews_social_meta":[],"jnews_review":[],"enable_review":"","type":"","name":"","summary":"","brand":"","sku":"","good":[],"bad":[],"score_override":"","override_value":"","rating":[],"price":[],"jnews_override_counter":[],"jnews_post_split":[],"footnotes":""},"categories":[64,66],"tags":[32396,32397,182,45,32395,56],"class_list":["post-76310","post","type-post","status-publish","format-standard","has-post-thumbnail","hentry","category-sucesos","category-venezuela","tag-asesinato-gabriel-sarmiento","tag-influencer-gabriel-sarmiento","tag-ministerio-publico","tag-noticias","tag-sucesos-venezuela","tag-venezuela"],"amp_enabled":true,"_links":{"self":[{"href":"https:\/\/esreviral.com\/index.php?rest_route=\/wp\/v2\/posts\/76310"}],"collection":[{"href":"https:\/\/esreviral.com\/index.php?rest_route=\/wp\/v2\/posts"}],"about":[{"href":"https:\/\/esreviral.com\/index.php?rest_route=\/wp\/v2\/types\/post"}],"author":[{"embeddable":true,"href":"https:\/\/esreviral.com\/index.php?rest_route=\/wp\/v2\/users\/3"}],"replies":[{"embeddable":true,"href":"https:\/\/esreviral.com\/index.php?rest_route=%2Fwp%2Fv2%2Fcomments&post=76310"}],"version-history":[{"count":1,"href":"https:\/\/esreviral.com\/index.php?rest_route=\/wp\/v2\/posts\/76310\/revisions"}],"predecessor-version":[{"id":76317,"href":"https:\/\/esreviral.com\/index.php?rest_route=\/wp\/v2\/posts\/76310\/revisions\/76317"}],"wp:featuredmedia":[{"embeddable":true,"href":"https:\/\/esreviral.com\/index.php?rest_route=\/wp\/v2\/media\/76313"}],"wp:attachment":[{"href":"https:\/\/esreviral.com\/index.php?rest_route=%2Fwp%2Fv2%2Fmedia&parent=76310"}],"wp:term":[{"taxonomy":"category","embeddable":true,"href":"https:\/\/esreviral.com\/index.php?rest_route=%2Fwp%2Fv2%2Fcategories&post=76310"},{"taxonomy":"post_tag","embeddable":true,"href":"https:\/\/esreviral.com\/index.php?rest_route=%2Fwp%2Fv2%2Ftags&post=76310"}],"curies":[{"name":"wp","href":"https:\/\/api.w.org\/{rel}","templated":true}]}}