{"id":76280,"date":"2025-06-30T08:54:16","date_gmt":"2025-06-30T13:54:16","guid":{"rendered":"https:\/\/esreviral.com\/?p=76280"},"modified":"2025-06-30T08:54:17","modified_gmt":"2025-06-30T13:54:17","slug":"un-hombre-mato-a-golpes-y-con-un-baston-a-su-suegra-de-104-anos-de-edad-cuando-ella-quiso-defender-a-su-hija","status":"publish","type":"post","link":"https:\/\/esreviral.com\/?p=76280","title":{"rendered":"Un hombre mat\u00f3 a golpes y con un bast\u00f3n a su suegra de 104 a\u00f1os de edad cuando ella quiso defender a su hija"},"content":{"rendered":"\n<p>Un brutal crimen conmocion\u00f3 a la ciudad de<strong> San Miguel de Tucum\u00e1n<\/strong>. En la madrugada del lunes, <strong>un hombre de 62 a\u00f1os de edad asesin\u00f3 a golpes a su suegra de 104 a\u00f1os de edad luego de una violenta discusi\u00f3n con su esposa, quien result\u00f3 herida.<\/strong><\/p>\n\n\n\n<p>El hecho ocurri\u00f3 cerca de la 1 de la ma\u00f1ana en una vivienda ubicada en el pasaje Agust\u00edn Maza al 500, en la zona oeste de la capital tucumana. Seg\u00fan informaron fuentes policiales, Hugo Zelaya (62) comenz\u00f3 una fuerte discusi\u00f3n con su pareja, Estela Medina (62), y en medio del altercado la agredi\u00f3 f\u00edsicamente. <strong>La mujer logr\u00f3 escapar del ataque, pero su madre, Rosa Andrada, de 104 a\u00f1os de edad, intervino para defenderla<\/strong>.<\/p>\n\n\n\n<p class=\"has-text-align-center\"><strong><a href=\"https:\/\/chat.whatsapp.com\/KWkTmakY3I05kNdd2oZl6d\"><em>\u00daNETE A NUESTRO GRUPO DE WHATSAPP PARA ESTAR INFORMADO<\/em><\/a><\/strong><\/p>\n\n\n\n<p>Zelaya, enfurecido, arremeti\u00f3 contra la anciana, quien viv\u00eda con la pareja. <strong>Le propin\u00f3 varios golpes de pu\u00f1o y la agredi\u00f3 con un bast\u00f3n, provoc\u00e1ndole la muerte en el lugar.<\/strong><\/p>\n\n\n\n<p>Un vecino, al escuchar los gritos, dio aviso a la Polic\u00eda. Efectivos de la comisar\u00eda 3\u00aa acudieron de inmediato y detuvieron al agresor en el interior de la vivienda, <strong>donde hallaron el cuerpo sin vida de la v\u00edctima<\/strong>. La hija de la mujer asesinada fue trasladada al Hospital Padilla, donde permanece internada fuera de peligro.<\/p>\n\n\n\n<p>El caso es investigado por el fiscal Carlos Sale, titular de la Unidad Fiscal de Homicidios II, quien orden\u00f3 la intervenci\u00f3n del Equipo Cient\u00edfico de Investigaciones Fiscales (ECIF) para realizar las pericias correspondientes en el lugar. El fiscal aguarda los resultados de la autopsia al cuerpo de Rosa Andrada para avanzar con la imputaci\u00f3n formal contra Zelaya, quien podr\u00eda enfrentar cargos por homicidio agravado y tentativa de femicidio.<\/p>\n\n\n\n<p class=\"has-text-align-center\"><em><strong><em><strong><em><strong><em><strong><a href=\"https:\/\/t.me\/esreviral\">\u00daNETE A NUESTRO CANAL DE TELEGRAM PARA ESTAR INFORMADO<\/a><\/strong><\/em><\/strong><\/em><\/strong><\/em><\/strong><\/em><\/p>\n\n\n\n<p class=\"has-text-align-right\"><strong><em>Con Informaci\u00f3n de\u00a0Clarin.-<\/em><\/strong><\/p>\n","protected":false},"excerpt":{"rendered":"<p>La v\u00edctima muri\u00f3 en el acto tras ser atacada en una vivienda de la capital provincial, mientras que su hija fue internada. La Polic\u00eda detuvo al agresor, que est\u00e1 acusado por homicidio y tentativa de homicidio<\/p>\n","protected":false},"author":3,"featured_media":76281,"comment_status":"closed","ping_status":"closed","sticky":false,"template":"","format":"standard","meta":{"jnews-multi-image_gallery":[],"jnews_single_post":{"format":"standard"},"jnews_primary_category":[],"jnews_social_meta":[],"jnews_review":[],"enable_review":"","type":"","name":"","summary":"","brand":"","sku":"","good":[],"bad":[],"score_override":"","override_value":"","rating":[],"price":[],"jnews_override_counter":[],"jnews_post_split":[],"footnotes":""},"categories":[58,64],"tags":[44,3246,45,12254,3176],"class_list":["post-76280","post","type-post","status-publish","format-standard","has-post-thumbnail","hentry","category-argentina","category-sucesos","tag-argentina","tag-homicidios","tag-noticias","tag-san-miguel-de-tucuman-3","tag-tucuman"],"amp_enabled":true,"_links":{"self":[{"href":"https:\/\/esreviral.com\/index.php?rest_route=\/wp\/v2\/posts\/76280"}],"collection":[{"href":"https:\/\/esreviral.com\/index.php?rest_route=\/wp\/v2\/posts"}],"about":[{"href":"https:\/\/esreviral.com\/index.php?rest_route=\/wp\/v2\/types\/post"}],"author":[{"embeddable":true,"href":"https:\/\/esreviral.com\/index.php?rest_route=\/wp\/v2\/users\/3"}],"replies":[{"embeddable":true,"href":"https:\/\/esreviral.com\/index.php?rest_route=%2Fwp%2Fv2%2Fcomments&post=76280"}],"version-history":[{"count":1,"href":"https:\/\/esreviral.com\/index.php?rest_route=\/wp\/v2\/posts\/76280\/revisions"}],"predecessor-version":[{"id":76282,"href":"https:\/\/esreviral.com\/index.php?rest_route=\/wp\/v2\/posts\/76280\/revisions\/76282"}],"wp:featuredmedia":[{"embeddable":true,"href":"https:\/\/esreviral.com\/index.php?rest_route=\/wp\/v2\/media\/76281"}],"wp:attachment":[{"href":"https:\/\/esreviral.com\/index.php?rest_route=%2Fwp%2Fv2%2Fmedia&parent=76280"}],"wp:term":[{"taxonomy":"category","embeddable":true,"href":"https:\/\/esreviral.com\/index.php?rest_route=%2Fwp%2Fv2%2Fcategories&post=76280"},{"taxonomy":"post_tag","embeddable":true,"href":"https:\/\/esreviral.com\/index.php?rest_route=%2Fwp%2Fv2%2Ftags&post=76280"}],"curies":[{"name":"wp","href":"https:\/\/api.w.org\/{rel}","templated":true}]}}