{"id":7623,"date":"2021-06-16T20:43:18","date_gmt":"2021-06-16T23:43:18","guid":{"rendered":"http:\/\/esreviral.com\/?p=7623"},"modified":"2021-06-16T20:43:18","modified_gmt":"2021-06-16T23:43:18","slug":"puede-llegar-con-un-arma-y-me-mata-el-joven-cajero-golpeado-mientras-trabajaba","status":"publish","type":"post","link":"https:\/\/esreviral.com\/?p=7623","title":{"rendered":"\u00abPuede llegar con un arma y me mata\u00bb, el joven cajero golpeado mientras trabajaba (+VIDEO)"},"content":{"rendered":"\n<p>Keiber Chac\u00f3n, el joven venezolano que fue v\u00edctima de una brutal golpiza que le dio un sujeto, mientras se encontraba trabajando como cajero en un s\u00fapermercado de Argentina, habl\u00f3 en exclusiva con <strong><em>Es Reviral,<\/em><\/strong> donde explic\u00f3 lo ocurrido y manifest\u00f3 su temor por lo que le pueda pasar a su retorno laboral. <\/p>\n\n\n\n<p>Critic\u00f3 la pasividad de las personas que ah\u00ed se encontraban quienes no le prestaron colaboraci\u00f3n en el momento para defenderlo del sujeto, \u00abpuede llegar con un arma y me mata\u00bb, afirm\u00f3.<\/p>\n\n\n\n<p>Adem\u00e1s cont\u00f3 lo preocupada que se encuentra su madre por la situaci\u00f3n, quien le pidi\u00f3 que retornara a Venezuela, \u00abella se enter\u00f3 porque una prima le mostr\u00f3 la publicaci\u00f3n de <strong><em>Es Reviral<\/em><\/strong>. Estoy agradecido con todo el apoyo que me prestaron\u00bb. <\/p>\n\n\n\n<p>Cont\u00f3 adem\u00e1s las aspiraciones que tiene de iniciar sus estudios universitarios y repas\u00f3 el tr\u00e1gico episodio que le toc\u00f3 vivir en el a\u00f1o 2017 en su pa\u00eds, por otra golpiza que recibi\u00f3 de colectivos adeptos al oficialismo, que le dej\u00f3 un tumor en el p\u00f3mulo. <\/p>\n\n\n\n<figure class=\"wp-block-embed-youtube wp-block-embed is-type-video is-provider-youtube wp-embed-aspect-16-9 wp-has-aspect-ratio\"><div class=\"wp-block-embed__wrapper\">\n<div class=\"jeg_video_container jeg_video_content\"><iframe title=\"&quot;Puede llegar con un arma y me mata&quot;, el joven cajero golpeado mientras trabajaba\" width=\"500\" height=\"281\" src=\"https:\/\/www.youtube.com\/embed\/XeePGngVgao?feature=oembed\" frameborder=\"0\" allow=\"accelerometer; autoplay; clipboard-write; encrypted-media; gyroscope; picture-in-picture; web-share\" referrerpolicy=\"strict-origin-when-cross-origin\" allowfullscreen><\/iframe><\/div>\n<\/div><\/figure>\n","protected":false},"excerpt":{"rendered":"<p>En exclusiva dio detalles de lo que ocurri\u00f3 el d\u00eda que fue brutalmente ultrajado<\/p>\n","protected":false},"author":2,"featured_media":7624,"comment_status":"open","ping_status":"open","sticky":false,"template":"","format":"standard","meta":{"jnews-multi-image_gallery":[],"jnews_single_post":[],"jnews_primary_category":[],"jnews_social_meta":[],"jnews_review":[],"enable_review":"","type":"","name":"","summary":"","brand":"","sku":"","good":[],"bad":[],"score_override":"","override_value":"","rating":[],"price":[],"jnews_override_counter":[],"jnews_post_split":[],"footnotes":""},"categories":[58,54],"tags":[904,905,45,67],"class_list":["post-7623","post","type-post","status-publish","format-standard","has-post-thumbnail","hentry","category-argentina","category-inmigracion","tag-golpiza","tag-keiber-chacon","tag-noticias","tag-venezolanos-en-argentina"],"amp_enabled":true,"_links":{"self":[{"href":"https:\/\/esreviral.com\/index.php?rest_route=\/wp\/v2\/posts\/7623"}],"collection":[{"href":"https:\/\/esreviral.com\/index.php?rest_route=\/wp\/v2\/posts"}],"about":[{"href":"https:\/\/esreviral.com\/index.php?rest_route=\/wp\/v2\/types\/post"}],"author":[{"embeddable":true,"href":"https:\/\/esreviral.com\/index.php?rest_route=\/wp\/v2\/users\/2"}],"replies":[{"embeddable":true,"href":"https:\/\/esreviral.com\/index.php?rest_route=%2Fwp%2Fv2%2Fcomments&post=7623"}],"version-history":[{"count":0,"href":"https:\/\/esreviral.com\/index.php?rest_route=\/wp\/v2\/posts\/7623\/revisions"}],"wp:featuredmedia":[{"embeddable":true,"href":"https:\/\/esreviral.com\/index.php?rest_route=\/"}],"wp:attachment":[{"href":"https:\/\/esreviral.com\/index.php?rest_route=%2Fwp%2Fv2%2Fmedia&parent=7623"}],"wp:term":[{"taxonomy":"category","embeddable":true,"href":"https:\/\/esreviral.com\/index.php?rest_route=%2Fwp%2Fv2%2Fcategories&post=7623"},{"taxonomy":"post_tag","embeddable":true,"href":"https:\/\/esreviral.com\/index.php?rest_route=%2Fwp%2Fv2%2Ftags&post=7623"}],"curies":[{"name":"wp","href":"https:\/\/api.w.org\/{rel}","templated":true}]}}