{"id":76162,"date":"2025-06-28T07:16:31","date_gmt":"2025-06-28T12:16:31","guid":{"rendered":"https:\/\/esreviral.com\/?p=76162"},"modified":"2025-06-28T07:16:32","modified_gmt":"2025-06-28T12:16:32","slug":"la-violencia-de-genero-un-flagelo-que-afecta-la-seguridad-ciudadana-y-la-dignidad-de-las-mujeres","status":"publish","type":"post","link":"https:\/\/esreviral.com\/?p=76162","title":{"rendered":"La violencia de g\u00e9nero: un flagelo que afecta la seguridad ciudadana y la dignidad de las mujeres"},"content":{"rendered":"\n<p><strong>La violencia de g\u00e9nero es un problema que afecta a millones de mujeres en todo el mundo, y su impacto en la seguridad ciudadana es significativo<\/strong>. La violencia de g\u00e9nero no solo es un delito, sino que tambi\u00e9n es una violaci\u00f3n de los derechos humanos y una forma de discriminaci\u00f3n hacia las mujeres.<\/p>\n\n\n\n<p>Seg\u00fan estad\u00edsticas, una de cada tres mujeres en el mundo ha sufrido<strong> violencia f\u00edsica o sexual por parte de su pareja o expareja<\/strong>. Esta violencia puede tener graves consecuencias para la salud f\u00edsica y mental de las mujeres, y tambi\u00e9n puede afectar a sus hijos y familiares.<\/p>\n\n\n\n<p>La violencia de g\u00e9nero no solo es un problema privado, sino que tambi\u00e9n tiene un impacto en la seguridad ciudadana. Las mujeres que sufren violencia de g\u00e9nero pueden sentirse inseguras y temerosas en su propia casa y en la calle, lo que puede limitar su libertad y su capacidad para participar en la sociedad.<\/p>\n\n\n\n<p class=\"has-text-align-center\"><strong><a href=\"https:\/\/chat.whatsapp.com\/KWkTmakY3I05kNdd2oZl6d\"><em>\u00daNETE A NUESTRO GRUPO DE WHATSAPP PARA ESTAR INFORMADO<\/em><\/a><\/strong><\/p>\n\n\n\n<p>Adem\u00e1s, la violencia de g\u00e9nero puede tener un impacto econ\u00f3mico significativo en las mujeres y sus familias. Las mujeres que sufren violencia de g\u00e9nero pueden perder su empleo o tener dificultades para encontrar trabajo, lo que puede afectar su independencia econ\u00f3mica y su capacidad para cuidar a sus hijos.<\/p>\n\n\n\n<p>Es importante que las autoridades tomen medidas efectivas para prevenir y combatir la violencia de g\u00e9nero. Esto incluye la implementaci\u00f3n de pol\u00edticas y programas que brinden apoyo a las mujeres que sufren violencia de g\u00e9nero, como refugios y servicios de asesoramiento.<\/p>\n\n\n\n<p>Tambi\u00e9n es fundamental que se trabaje para cambiar los estereotipos y las actitudes que perpet\u00faan la violencia de g\u00e9nero. Esto incluye la educaci\u00f3n y la sensibilizaci\u00f3n sobre la igualdad de g\u00e9nero y el respeto hacia las mujeres.<\/p>\n\n\n\n<p><strong><mark style=\"background-color:rgba(0, 0, 0, 0)\" class=\"has-inline-color has-vivid-red-color\">\u00bfQu\u00e9 se puede hacer?<\/mark><\/strong><\/p>\n\n\n\n<ul class=\"wp-block-list\">\n<li>Implementar pol\u00edticas y programas que brinden apoyo a las mujeres que sufren violencia de g\u00e9nero.<\/li>\n\n\n\n<li>Proporcionar refugios y servicios de asesoramiento para las mujeres que sufren violencia de g\u00e9nero.<\/li>\n\n\n\n<li>Trabajar para cambiar los estereotipos y las actitudes que perpet\u00faan la violencia de g\u00e9nero.<\/li>\n\n\n\n<li>Promover la educaci\u00f3n y la sensibilizaci\u00f3n sobre la igualdad de g\u00e9nero y el respeto hacia las mujeres.<\/li>\n\n\n\n<li>Apoyar a las organizaciones que trabajan para prevenir y combatir la violencia de g\u00e9nero.<\/li>\n<\/ul>\n\n\n\n<p><\/p>\n\n\n\n<p><strong><mark style=\"background-color:rgba(0, 0, 0, 0)\" class=\"has-inline-color has-vivid-red-color\">\u00bfQu\u00e9 puedes hacer t\u00fa?<\/mark><\/strong><\/p>\n\n\n\n<ul class=\"wp-block-list\">\n<li>Denuncia cualquier caso de violencia de g\u00e9nero que conozcas.<\/li>\n\n\n\n<li>Apoya a las mujeres que sufren violencia de g\u00e9nero.<\/li>\n\n\n\n<li>Participa en campa\u00f1as y actividades que promuevan la igualdad de g\u00e9nero y el respeto hacia las mujeres.<\/li>\n\n\n\n<li>Exige a tus representantes pol\u00edticos que tomen medidas efectivas para prevenir y combatir la violencia de g\u00e9nero.<\/li>\n<\/ul>\n\n\n\n<p><\/p>\n\n\n\n<p><strong>La violencia de g\u00e9nero es un problema de todos. \u00a1\u00danete a la lucha por la igualdad de g\u00e9nero y la seguridad ciudadana!<\/strong><\/p>\n\n\n\n<p class=\"has-text-align-center\"><em><strong><em><strong><em><strong><em><strong><a href=\"https:\/\/t.me\/esreviral\">\u00daNETE A NUESTRO CANAL DE TELEGRAM PARA ESTAR INFORMADO<\/a><\/strong><\/em><\/strong><\/em><\/strong><\/em><\/strong><\/em><\/p>\n\n\n\n<p class=\"has-text-align-right\"><strong><em>Braulio Seijas.-<\/em><\/strong><\/p>\n","protected":false},"excerpt":{"rendered":"<p>Seg\u00fan estad\u00edsticas, una de cada tres mujeres en el mundo ha sufrido violencia f\u00edsica o sexual por parte de su pareja o expareja. Esta violencia puede tener graves consecuencias para la salud f\u00edsica y mental de las mujeres, y tambi\u00e9n puede afectar a sus hijos y familiares.<\/p>\n","protected":false},"author":3,"featured_media":76163,"comment_status":"closed","ping_status":"closed","sticky":false,"template":"","format":"standard","meta":{"jnews-multi-image_gallery":[],"jnews_single_post":{"format":"standard"},"jnews_primary_category":[],"jnews_social_meta":[],"jnews_review":[],"enable_review":"","type":"","name":"","summary":"","brand":"","sku":"","good":[],"bad":[],"score_override":"","override_value":"","rating":[],"price":[],"jnews_override_counter":[],"jnews_post_split":[],"footnotes":""},"categories":[137],"tags":[45,32290,310,8118],"class_list":["post-76162","post","type-post","status-publish","format-standard","has-post-thumbnail","hentry","category-opinion","tag-noticias","tag-seguridad-ciudadana","tag-violencia-de-genero","tag-violencia-fisica"],"amp_enabled":true,"_links":{"self":[{"href":"https:\/\/esreviral.com\/index.php?rest_route=\/wp\/v2\/posts\/76162"}],"collection":[{"href":"https:\/\/esreviral.com\/index.php?rest_route=\/wp\/v2\/posts"}],"about":[{"href":"https:\/\/esreviral.com\/index.php?rest_route=\/wp\/v2\/types\/post"}],"author":[{"embeddable":true,"href":"https:\/\/esreviral.com\/index.php?rest_route=\/wp\/v2\/users\/3"}],"replies":[{"embeddable":true,"href":"https:\/\/esreviral.com\/index.php?rest_route=%2Fwp%2Fv2%2Fcomments&post=76162"}],"version-history":[{"count":1,"href":"https:\/\/esreviral.com\/index.php?rest_route=\/wp\/v2\/posts\/76162\/revisions"}],"predecessor-version":[{"id":76164,"href":"https:\/\/esreviral.com\/index.php?rest_route=\/wp\/v2\/posts\/76162\/revisions\/76164"}],"wp:featuredmedia":[{"embeddable":true,"href":"https:\/\/esreviral.com\/index.php?rest_route=\/wp\/v2\/media\/76163"}],"wp:attachment":[{"href":"https:\/\/esreviral.com\/index.php?rest_route=%2Fwp%2Fv2%2Fmedia&parent=76162"}],"wp:term":[{"taxonomy":"category","embeddable":true,"href":"https:\/\/esreviral.com\/index.php?rest_route=%2Fwp%2Fv2%2Fcategories&post=76162"},{"taxonomy":"post_tag","embeddable":true,"href":"https:\/\/esreviral.com\/index.php?rest_route=%2Fwp%2Fv2%2Ftags&post=76162"}],"curies":[{"name":"wp","href":"https:\/\/api.w.org\/{rel}","templated":true}]}}