{"id":76156,"date":"2025-06-27T07:56:57","date_gmt":"2025-06-27T12:56:57","guid":{"rendered":"https:\/\/esreviral.com\/?p=76156"},"modified":"2025-06-27T07:56:58","modified_gmt":"2025-06-27T12:56:58","slug":"otro-reclamo-de-cristina-kirchner-apelo-la-colocacion-de-la-tobillera-electronica","status":"publish","type":"post","link":"https:\/\/esreviral.com\/?p=76156","title":{"rendered":"Otro reclamo de Cristina Kirchner: apel\u00f3 la colocaci\u00f3n de la tobillera electr\u00f3nica"},"content":{"rendered":"\n<p><strong>Mientras la C\u00e1mara Federal de Casaci\u00f3n Penal fij\u00f3 para el 7 de julio la audiencia en la que se definir\u00e1 si las visitas a Cristina Kirchner deben<\/strong> <strong>contar con autorizaci\u00f3n judicial<\/strong>, su abogado, Carlos Beraldi<strong>, present\u00f3 una apelaci\u00f3n contra otra medida: la colocaci\u00f3n de la tobillera electr\u00f3nica con la que se controla su arresto domiciliario.<\/strong><\/p>\n\n\n\n<p>Ambas decisiones fueron adoptadas en el marco del cumplimiento de la condena impuesta a la expresidenta en la causa Vialidad, en la que fue sentenciada a seis a\u00f1os de prisi\u00f3n por administraci\u00f3n fraudulenta en perjuicio del Estado.<\/p>\n\n\n\n<p class=\"has-text-align-center\"><strong><a href=\"https:\/\/chat.whatsapp.com\/KWkTmakY3I05kNdd2oZl6d\"><em>\u00daNETE A NUESTRO GRUPO DE WHATSAPP PARA ESTAR INFORMADO<\/em><\/a><\/strong><\/p>\n\n\n\n<p>La Direcci\u00f3n de Asistencia de Personas Bajo Vigilancia Electr\u00f3nica, que depende de la Subsecretar\u00eda a cargo de Juli\u00e1n Curi, fue la encargada de instalarle la tobillera electr\u00f3nica la semana pasada, tras la resoluci\u00f3n del Tribunal Oral Federal N\u00b0 2 (TOF 2), que rechaz\u00f3 el pedido de la defensa de evitar el monitoreo electr\u00f3nico como condici\u00f3n para el cumplimiento domiciliario de la pena.<\/p>\n\n\n\n<p>La decisi\u00f3n del TOF 2 se adopt\u00f3 el 17 de junio, luego de que la Corte Suprema dejara firme la condena al rechazar el recurso de queja presentado por la defensa. Desde entonces, Cristina Kirchner permanece bajo arresto domiciliario en su departamento de la calle San Jos\u00e9 1111, en el barrio porte\u00f1o de Constituci\u00f3n.<\/p>\n\n\n\n<p>Para garantizar el monitoreo, se instal\u00f3 en la vivienda un sistema de radiofrecuencia que permite controlar el dispositivo. El sistema cuenta con dos celulares: uno que puede sonar en cualquier momento y debe ser atendido obligatoriamente por la exvicepresidenta, y otro que registra su ubicaci\u00f3n y emite alertas en caso de que salga del per\u00edmetro autorizado.<\/p>\n\n\n\n<p>Respecto al r\u00e9gimen de visitas, el TOF 2 estableci\u00f3 que pueden ingresar libremente a la vivienda los familiares directos, abogados, m\u00e9dicos, custodios, contadores y apoderados. Para cualquier otra persona, se requiere autorizaci\u00f3n expresa del juez Jorge Gorini, encargado de ejecutar la pena. Es precisamente este punto el que la defensa cuestiona y que ser\u00e1 debatido en la audiencia del 7 de julio.<\/p>\n\n\n\n<p><strong><mark style=\"background-color:rgba(0, 0, 0, 0)\" class=\"has-inline-color has-vivid-red-color\">El gesto de Mayra Mendoza<\/mark><\/strong><\/p>\n\n\n\n<p>En paralelo, la intendenta de Quilmes y referente de La C\u00e1mpora, Mayra Mendoza, mostr\u00f3 en sus redes sociales un tatuaje reciente en su pierna con la imagen de una tobillera electr\u00f3nica acompa\u00f1ada de la palabra \u201cDignidad\u201d. La imagen gener\u00f3 repercusi\u00f3n al ser interpretada como un gesto de respaldo a Cristina Kirchner.<\/p>\n\n\n\n<p>Mendoza, una de las dirigentes m\u00e1s cercanas a la exmandataria, habr\u00eda ingresado recientemente a su domicilio en Constituci\u00f3n antes de que el juez Gorini rechazara el pedido de diputados y senadores kirchneristas de visitarla sin autorizaci\u00f3n judicial ni registro formal.<\/p>\n\n\n\n<p class=\"has-text-align-center\"><em><strong><em><strong><em><strong><em><strong><a href=\"https:\/\/t.me\/esreviral\">\u00daNETE A NUESTRO CANAL DE TELEGRAM PARA ESTAR INFORMADO<\/a><\/strong><\/em><\/strong><\/em><\/strong><\/em><\/strong><\/em><\/p>\n\n\n\n<p class=\"has-text-align-right\"><strong><em>Con Informaci\u00f3n de Clarin.-<\/em><\/strong><\/p>\n","protected":false},"excerpt":{"rendered":"<p>El abogado de la expresidenta volvi\u00f3 a reclamar que le saquen el dispositivo de control electr\u00f3nico que vigila su detenci\u00f3n domiciliaria.<\/p>\n","protected":false},"author":3,"featured_media":76157,"comment_status":"closed","ping_status":"closed","sticky":false,"template":"","format":"standard","meta":{"jnews-multi-image_gallery":[],"jnews_single_post":{"format":"standard"},"jnews_primary_category":[],"jnews_social_meta":[],"jnews_review":[],"enable_review":"","type":"","name":"","summary":"","brand":"","sku":"","good":[],"bad":[],"score_override":"","override_value":"","rating":[],"price":[],"jnews_override_counter":[],"jnews_post_split":[],"footnotes":""},"categories":[58,59],"tags":[44,32286,19742,2268,45,31731],"class_list":["post-76156","post","type-post","status-publish","format-standard","has-post-thumbnail","hentry","category-argentina","category-politica","tag-argentina","tag-arresto-domiciliario-2","tag-camara-federal-de-casacion","tag-cristina-kirchner","tag-noticias","tag-tobillera-electronica"],"_links":{"self":[{"href":"https:\/\/esreviral.com\/index.php?rest_route=\/wp\/v2\/posts\/76156","targetHints":{"allow":["GET"]}}],"collection":[{"href":"https:\/\/esreviral.com\/index.php?rest_route=\/wp\/v2\/posts"}],"about":[{"href":"https:\/\/esreviral.com\/index.php?rest_route=\/wp\/v2\/types\/post"}],"author":[{"embeddable":true,"href":"https:\/\/esreviral.com\/index.php?rest_route=\/wp\/v2\/users\/3"}],"replies":[{"embeddable":true,"href":"https:\/\/esreviral.com\/index.php?rest_route=%2Fwp%2Fv2%2Fcomments&post=76156"}],"version-history":[{"count":1,"href":"https:\/\/esreviral.com\/index.php?rest_route=\/wp\/v2\/posts\/76156\/revisions"}],"predecessor-version":[{"id":76158,"href":"https:\/\/esreviral.com\/index.php?rest_route=\/wp\/v2\/posts\/76156\/revisions\/76158"}],"wp:featuredmedia":[{"embeddable":true,"href":"https:\/\/esreviral.com\/index.php?rest_route=\/wp\/v2\/media\/76157"}],"wp:attachment":[{"href":"https:\/\/esreviral.com\/index.php?rest_route=%2Fwp%2Fv2%2Fmedia&parent=76156"}],"wp:term":[{"taxonomy":"category","embeddable":true,"href":"https:\/\/esreviral.com\/index.php?rest_route=%2Fwp%2Fv2%2Fcategories&post=76156"},{"taxonomy":"post_tag","embeddable":true,"href":"https:\/\/esreviral.com\/index.php?rest_route=%2Fwp%2Fv2%2Ftags&post=76156"}],"curies":[{"name":"wp","href":"https:\/\/api.w.org\/{rel}","templated":true}]}}