{"id":76049,"date":"2025-06-25T09:53:29","date_gmt":"2025-06-25T14:53:29","guid":{"rendered":"https:\/\/esreviral.com\/?p=76049"},"modified":"2025-06-25T10:42:39","modified_gmt":"2025-06-25T15:42:39","slug":"el-gobierno-argentino-eliminara-la-jornada-no-laborable-por-el-dia-del-empleado-publico","status":"publish","type":"post","link":"https:\/\/esreviral.com\/?p=76049","title":{"rendered":"El Gobierno argentino eliminar\u00e1 la jornada no laborable por el D\u00eda del Empleado P\u00fablico"},"content":{"rendered":"\n<p>El Gobierno nacional anunci\u00f3 la <strong>eliminaci\u00f3n de la jornada no laborable<\/strong> correspondiente al <em>D\u00eda del Empleado P\u00fablico<\/em>, que se conmemora cada 27 de junio. As\u00ed lo confirm\u00f3 este martes el vocero presidencial, <strong>Manuel Adorni<\/strong>, durante su habitual conferencia de prensa.<\/p>\n\n\n\n<blockquote class=\"wp-block-quote is-layout-flow wp-block-quote-is-layout-flow\">\n<p>\u201cA trav\u00e9s de un decreto que se firmar\u00e1 en las pr\u00f3ximas horas y se publicar\u00e1 en el Bolet\u00edn Oficial, el presidente <strong>Javier Milei<\/strong> eliminar\u00e1 la jornada no laborable correspondiente al \u2018D\u00eda del Empleado P\u00fablico\u2019\u201d, inform\u00f3 el funcionario.<\/p>\n<\/blockquote>\n\n\n\n<p>La medida apunta a modificar lo establecido por la <strong>Ley 26.876<\/strong>, que en su art\u00edculo 1\u00b0 declara el 27 de junio como el <em>\u201cD\u00eda del Trabajador del Estado\u201d<\/em> en todo el territorio nacional. El art\u00edculo 2\u00b0 de la misma norma establece:<\/p>\n\n\n\n<blockquote class=\"wp-block-quote is-layout-flow wp-block-quote-is-layout-flow\">\n<p><em>\u201cEstabl\u00e9cese el 27 de junio como d\u00eda de descanso para los empleados de la administraci\u00f3n p\u00fablica nacional, en el que no se prestar\u00e1n tareas, asimil\u00e1ndose el mismo a los feriados nacionales a todos los efectos legales.\u201d<\/em><\/p>\n<\/blockquote>\n\n\n\n<p class=\"has-text-align-center\"><strong><a href=\"https:\/\/chat.whatsapp.com\/KWkTmakY3I05kNdd2oZl6d\"><em>\u00daNETE A NUESTRO GRUPO DE WHATSAPP PARA ESTAR INFORMADO<\/em><\/a><\/strong><\/p>\n\n\n\n<blockquote class=\"twitter-tweet\"><p lang=\"es\" dir=\"ltr\">\ud83d\udea8\ud83c\udde6\ud83c\uddf7 | El vocero Manuel Adorni anunci\u00f3 que el presidente Javier Milei eliminar\u00e1 la jornada no laborable por el &quot;Dia del Empleado P\u00fablico&quot; mediante un decreto.<br><br>Video cortes\u00eda <a href=\"https:\/\/t.co\/vZoV0PCpoq\">pic.twitter.com\/vZoV0PCpoq<\/a><\/p>&mdash; ES RE VIRAL (@esreviral) <a href=\"https:\/\/twitter.com\/esreviral\/status\/1937893731312841055?ref_src=twsrc%5Etfw\">June 25, 2025<\/a><\/blockquote> <script async src=\"https:\/\/platform.twitter.com\/widgets.js\" charset=\"utf-8\"><\/script>\n\n\n\n<p><\/p>\n\n\n\n<p>Adorni justific\u00f3 la decisi\u00f3n al se\u00f1alar que <em>\u201cel Estado no es un lugar en el que deba ser posible tomarse un d\u00eda sab\u00e1tico o gozar de privilegios que el trabajador del sector privado no tiene, considerando adem\u00e1s que ese d\u00eda es financiado con el dinero de los contribuyentes\u201d<\/em>.<\/p>\n\n\n\n<p>Tambi\u00e9n remarc\u00f3 que <em>\u201ctrabajar en el Estado es un servicio destinado a atender al ciudadano, que todos los d\u00edas se esfuerza por llevar un plato de comida a su familia y que, de forma directa o indirecta, sostiene al pa\u00eds con su esfuerzo\u201d<\/em>.<\/p>\n\n\n\n<p>Seg\u00fan el vocero, la medida est\u00e1 alineada con la concepci\u00f3n del rol estatal que promueve esta gesti\u00f3n: <em>\u201cEl Estado debe allanar el camino hacia la libertad de los argentinos, no entorpecerlo. La Argentina que rend\u00eda culto al estatismo y al sector p\u00fablico en detrimento del privado, es cosa del pasado\u201d<\/em>, concluy\u00f3.<\/p>\n\n\n\n<p>De haberse mantenido vigente, el asueto administrativo del 27 de junio hubiera afectado la atenci\u00f3n al p\u00fablico en <strong>organismos como la ANSES, los ministerios, el Banco Central (BCRA), el INDEC<\/strong>, y otras dependencias del Estado nacional.<\/p>\n\n\n\n<p class=\"has-text-align-center\"><strong><em><mark style=\"background-color:rgba(0, 0, 0, 0)\" class=\"has-inline-color has-vivid-red-color\"><a href=\"https:\/\/esreviral.com\/?p=76054\" data-type=\"link\" data-id=\"https:\/\/esreviral.com\/?p=76054\">Lea Tambi\u00e9n: Quitar\u00e1n subsidios energ\u00e9ticos a clubes de elite y exigir\u00e1n revalidaci\u00f3n a los de barrio<\/a><\/mark><\/em><\/strong><\/p>\n\n\n\n<p class=\"has-text-align-center\"><em><strong><em><strong><em><strong><em><strong><a href=\"https:\/\/t.me\/esreviral\">\u00daNETE A NUESTRO CANAL DE TELEGRAM PARA ESTAR INFORMADO<\/a><\/strong><\/em><\/strong><\/em><\/strong><\/em><\/strong><\/em><\/p>\n\n\n\n<p class=\"has-text-align-right\"><strong><em>Con Informaci\u00f3n de&nbsp;cronista.com.-<\/em><\/strong><\/p>\n","protected":false},"excerpt":{"rendered":"<p>El vocero Manuel Adorni lo anticip\u00f3 en conferencia de prensa. \u00abEl Estado no es un lugar en el que deba ser posible tomarse un d\u00eda sab\u00e1tico o gozar de cualquier otro privilegio\u00bb, argument\u00f3.<\/p>\n","protected":false},"author":3,"featured_media":76050,"comment_status":"closed","ping_status":"closed","sticky":false,"template":"","format":"standard","meta":{"jnews-multi-image_gallery":[],"jnews_single_post":{"format":"standard"},"jnews_primary_category":[],"jnews_social_meta":[],"jnews_review":[],"enable_review":"","type":"","name":"","summary":"","brand":"","sku":"","good":[],"bad":[],"score_override":"","override_value":"","rating":[],"price":[],"jnews_override_counter":[],"jnews_post_split":[],"footnotes":""},"categories":[58,59],"tags":[44,6057,14340,1158,12936,45],"class_list":["post-76049","post","type-post","status-publish","format-standard","has-post-thumbnail","hentry","category-argentina","category-politica","tag-argentina","tag-boletin-oficial-3","tag-empleados-publicos","tag-javier-milei","tag-manuel-adorni","tag-noticias"],"amp_enabled":true,"_links":{"self":[{"href":"https:\/\/esreviral.com\/index.php?rest_route=\/wp\/v2\/posts\/76049"}],"collection":[{"href":"https:\/\/esreviral.com\/index.php?rest_route=\/wp\/v2\/posts"}],"about":[{"href":"https:\/\/esreviral.com\/index.php?rest_route=\/wp\/v2\/types\/post"}],"author":[{"embeddable":true,"href":"https:\/\/esreviral.com\/index.php?rest_route=\/wp\/v2\/users\/3"}],"replies":[{"embeddable":true,"href":"https:\/\/esreviral.com\/index.php?rest_route=%2Fwp%2Fv2%2Fcomments&post=76049"}],"version-history":[{"count":4,"href":"https:\/\/esreviral.com\/index.php?rest_route=\/wp\/v2\/posts\/76049\/revisions"}],"predecessor-version":[{"id":76058,"href":"https:\/\/esreviral.com\/index.php?rest_route=\/wp\/v2\/posts\/76049\/revisions\/76058"}],"wp:featuredmedia":[{"embeddable":true,"href":"https:\/\/esreviral.com\/index.php?rest_route=\/wp\/v2\/media\/76050"}],"wp:attachment":[{"href":"https:\/\/esreviral.com\/index.php?rest_route=%2Fwp%2Fv2%2Fmedia&parent=76049"}],"wp:term":[{"taxonomy":"category","embeddable":true,"href":"https:\/\/esreviral.com\/index.php?rest_route=%2Fwp%2Fv2%2Fcategories&post=76049"},{"taxonomy":"post_tag","embeddable":true,"href":"https:\/\/esreviral.com\/index.php?rest_route=%2Fwp%2Fv2%2Ftags&post=76049"}],"curies":[{"name":"wp","href":"https:\/\/api.w.org\/{rel}","templated":true}]}}