{"id":76036,"date":"2025-06-25T08:06:24","date_gmt":"2025-06-25T13:06:24","guid":{"rendered":"https:\/\/esreviral.com\/?p=76036"},"modified":"2025-06-25T08:06:25","modified_gmt":"2025-06-25T13:06:25","slug":"condenaron-a-siete-anos-de-prision-a-un-hombre-por-abusar-de-las-amigas-de-su-hija-cuando-se-quedaban-a-dormir","status":"publish","type":"post","link":"https:\/\/esreviral.com\/?p=76036","title":{"rendered":"Condenaron a siete a\u00f1os de prisi\u00f3n a un hombre por abusar de las amigas de su hija cuando se quedaban a dormir"},"content":{"rendered":"\n<p>Un hombre de 55 a\u00f1os de edad fue condenado a\u00a0<strong>siete a\u00f1os de prisi\u00f3n<\/strong>\u00a0en Mar del Plata por los delitos de\u00a0<strong>abuso sexual simple<\/strong>\u00a0contra las amigas su hija durante tres \u00abpijamadas\u00bb en su vivienda, en la ciudad de Comandante Nicanor Otamendi.<\/p>\n\n\n\n<p>Los jueces Ricardo Perdichizzi, Paula Soul\u00e9 y Fabi\u00e1n Riquert, quienes estuvieron al frente del caso en el Tribunal Oral en lo Criminal N.\u00ba 1 de Mar del Plata, lo encontraron culpable de haber&nbsp;<strong>manoseado a las menores&nbsp;<\/strong>y de haberse masturbado delante de ellas en noviembre de 2019 y en agosto y octubre de 2020, tal como plante\u00f3 el Ministerio P\u00fablico Fiscal.<\/p>\n\n\n\n<p>Tras la lectura del veredicto, Adri\u00e1n Buitr\u00f3n, que hab\u00eda llegado en libertad a esta instancia, fue trasladado a la Unidad Penal N.\u00ba 44 de Bat\u00e1n.<\/p>\n\n\n\n<p class=\"has-text-align-center\"><strong><a href=\"https:\/\/chat.whatsapp.com\/KWkTmakY3I05kNdd2oZl6d\"><em>\u00daNETE A NUESTRO GRUPO DE WHATSAPP PARA ESTAR INFORMADO<\/em><\/a><\/strong><\/p>\n\n\n\n<p>El fallo judicial resalt\u00f3 como agravantes la \u201cextensi\u00f3n del da\u00f1o causado, el aprovechamiento del estado de indefensi\u00f3n y del v\u00ednculo con las ni\u00f1as\u201d, as\u00ed como la&nbsp;<strong>\u201casimetr\u00eda de poder y conocimiento\u201d<\/strong>&nbsp;que exist\u00eda entre el adulto y las menores. Por otro lado, los magistrados tomaron en cuenta como atenuantes la ausencia de antecedentes penales del acusado y una patolog\u00eda psiqui\u00e1trica comprobada durante el proceso.<\/p>\n\n\n\n<p>El estremecedor caso trascendi\u00f3 cuando<strong>&nbsp;una de las v\u00edctimas revel\u00f3 lo sucedido a una docente<\/strong>&nbsp;y, desde el establecimiento educativo, se dio aviso a los padres. All\u00ed se les advirti\u00f3 que, si ellos no iniciaban la denuncia correspondiente, la instituci\u00f3n iba a llevar adelante la presentaci\u00f3n.<\/p>\n\n\n\n<p><strong><mark style=\"background-color:rgba(0, 0, 0, 0)\" class=\"has-inline-color has-vivid-red-color\">Un exintendente cordob\u00e9s que ped\u00eda sexo a cambio de planes sociales fue condenado, pero no ir\u00e1 preso ni fue inhabilitado<\/mark><\/strong><\/p>\n\n\n\n<p>Jos\u00e9 Eugenio D\u00edaz (68), exintendente de la localidad cordobesa de El Brete y exlegislador provincial fue condenado por la Justicia por abuso sexual y coacci\u00f3n en perjuicio de cuatro de sus exempleadas a quienes acos\u00f3 y extorsion\u00f3 para tener sexo. Los hechos denunciados ocurrieron hace m\u00e1s de 20 a\u00f1os: entre el 2002 y 2004 cuando fue jefe comunal de la localidad ubicada en el Departamento de Cruz del Eje.<\/p>\n\n\n\n<p>Contra el exlegislador cordob\u00e9s hab\u00eda cuatro causas de abuso sexual y una por coacci\u00f3n. En todos los casos agravadas por ser funcionario p\u00fablico.<\/p>\n\n\n\n<p>\u00bfQu\u00e9 pena le dieron? Tres a\u00f1os de prisi\u00f3n condicional. El fallo del juicio abreviado emitido por la C\u00e1mara del Crimen de Cruz del Eje trajo pol\u00e9mica. No s\u00f3lo por la pena en s\u00ed, que no es de prisi\u00f3n efectiva, sino porque adem\u00e1s D\u00edaz, sigue habilitado para ocupar cargos p\u00fablicos. El actual jefe comunal de la localidad de El Brete, es su hijo, Pablo D\u00edaz.<\/p>\n\n\n\n<p class=\"has-text-align-center\"><em><strong><em><strong><em><strong><em><strong><a href=\"https:\/\/t.me\/esreviral\">\u00daNETE A NUESTRO CANAL DE TELEGRAM PARA ESTAR INFORMADO<\/a><\/strong><\/em><\/strong><\/em><\/strong><\/em><\/strong><\/em><\/p>\n\n\n\n<p class=\"has-text-align-right\"><strong><em>Con Informaci\u00f3n de Clarin.-<\/em><\/strong><\/p>\n","protected":false},"excerpt":{"rendered":"<p>El acusado, de 55 a\u00f1os, estuvo en libertad durante todo el juicio y lleg\u00f3 en esa condici\u00f3n a la lectura del fallo.<br \/>\nTras la sentencia, se lo traslad\u00f3 a la Unidad Penal N.\u00ba 44 de Bat\u00e1n.<\/p>\n","protected":false},"author":3,"featured_media":76037,"comment_status":"closed","ping_status":"closed","sticky":false,"template":"","format":"standard","meta":{"jnews-multi-image_gallery":[],"jnews_single_post":{"format":"standard"},"jnews_primary_category":[],"jnews_social_meta":[],"jnews_review":[],"enable_review":"","type":"","name":"","summary":"","brand":"","sku":"","good":[],"bad":[],"score_override":"","override_value":"","rating":[],"price":[],"jnews_override_counter":[],"jnews_post_split":[],"footnotes":""},"categories":[58,64],"tags":[2222,44,1043,45],"class_list":["post-76036","post","type-post","status-publish","format-standard","has-post-thumbnail","hentry","category-argentina","category-sucesos","tag-abuso-de-menores","tag-argentina","tag-mar-del-plata","tag-noticias"],"amp_enabled":true,"_links":{"self":[{"href":"https:\/\/esreviral.com\/index.php?rest_route=\/wp\/v2\/posts\/76036"}],"collection":[{"href":"https:\/\/esreviral.com\/index.php?rest_route=\/wp\/v2\/posts"}],"about":[{"href":"https:\/\/esreviral.com\/index.php?rest_route=\/wp\/v2\/types\/post"}],"author":[{"embeddable":true,"href":"https:\/\/esreviral.com\/index.php?rest_route=\/wp\/v2\/users\/3"}],"replies":[{"embeddable":true,"href":"https:\/\/esreviral.com\/index.php?rest_route=%2Fwp%2Fv2%2Fcomments&post=76036"}],"version-history":[{"count":1,"href":"https:\/\/esreviral.com\/index.php?rest_route=\/wp\/v2\/posts\/76036\/revisions"}],"predecessor-version":[{"id":76038,"href":"https:\/\/esreviral.com\/index.php?rest_route=\/wp\/v2\/posts\/76036\/revisions\/76038"}],"wp:featuredmedia":[{"embeddable":true,"href":"https:\/\/esreviral.com\/index.php?rest_route=\/wp\/v2\/media\/76037"}],"wp:attachment":[{"href":"https:\/\/esreviral.com\/index.php?rest_route=%2Fwp%2Fv2%2Fmedia&parent=76036"}],"wp:term":[{"taxonomy":"category","embeddable":true,"href":"https:\/\/esreviral.com\/index.php?rest_route=%2Fwp%2Fv2%2Fcategories&post=76036"},{"taxonomy":"post_tag","embeddable":true,"href":"https:\/\/esreviral.com\/index.php?rest_route=%2Fwp%2Fv2%2Ftags&post=76036"}],"curies":[{"name":"wp","href":"https:\/\/api.w.org\/{rel}","templated":true}]}}