{"id":76023,"date":"2025-06-25T06:54:08","date_gmt":"2025-06-25T11:54:08","guid":{"rendered":"https:\/\/esreviral.com\/?p=76023"},"modified":"2025-06-25T06:58:48","modified_gmt":"2025-06-25T11:58:48","slug":"naci-con-un-volante-en-la-mano-la-historia-del-nino-con-el-coeficiente-intelectual-mas-alto-y-el-sueno-de-construir-un-super-auto","status":"publish","type":"post","link":"https:\/\/esreviral.com\/?p=76023","title":{"rendered":"\u00abNac\u00ed con un volante en la mano\u00bb: la historia del ni\u00f1o con el coeficiente intelectual m\u00e1s alto y el sue\u00f1o de construir un super auto"},"content":{"rendered":"\n<p>Desde muy peque\u00f1o, algo sorprend\u00eda a sus padres: con apenas siete meses, Stefano ya hablaba, y poco despu\u00e9s empez\u00f3 a<strong> nombrar las marcas de los autos que pasaban por la calle<\/strong>. El asombro creci\u00f3 cuando, con solo tres a\u00f1os, identific\u00f3 dos veh\u00edculos a m\u00e1s de 100 metros de distancia. En ese momento, su familia entendi\u00f3 que no estaban ante un ni\u00f1o com\u00fan.<\/p>\n\n\n\n<p><strong>Hoy, a sus 8 a\u00f1os de edad, Stefano Marconi Sgroi ya se recibi\u00f3 de mec\u00e1nico, participa del desarrollo de un superdeportiv<\/strong>o, mantiene v\u00ednculos con figuras destacadas del automovilismo y fue reconocido como Personalidad Destacada de La Plata, su ciudad natal. El peque\u00f1o repas\u00f3 su historia, tan fascinante como inusual.<\/p>\n\n\n\n<p class=\"has-text-align-center\"><strong><a href=\"https:\/\/chat.whatsapp.com\/KWkTmakY3I05kNdd2oZl6d\"><em>\u00daNETE A NUESTRO GRUPO DE WHATSAPP PARA ESTAR INFORMADO<\/em><\/a><\/strong><\/p>\n\n\n\n<p>Mate de por medio y acompa\u00f1ado por su pap\u00e1, Adri\u00e1n, Stefano se sienta con naturalidad. Enseguida muestra \u00ab<strong><em>El libro del autom\u00f3vil<\/em><\/strong>\u00ab, una de sus gu\u00edas favoritas, mientras le preguntan c\u00f3mo naci\u00f3 su pasi\u00f3n por los autos. \u201c<strong><em>Creo que nac\u00ed con un volante en la mano<\/em><\/strong>\u201d, respondi\u00f3 con una sonrisa, aunque admite no recordar el momento exacto en que surgi\u00f3 su inter\u00e9s. Intuye que pudo haber influido su abuelo materno, amante de los motores.<\/p>\n\n\n\n<p>Su padre tampoco olvida los primeros indicios. A los siete meses, su hijo ya hablaba con fluidez, y poco despu\u00e9s identificaba marcas de autos al verlos pasar. Sin embargo, el episodio que lo marc\u00f3 ocurri\u00f3 cuando Stefano ten\u00eda tres a\u00f1os de edad: viajaban en su camioneta cuando el ni\u00f1o se\u00f1al\u00f3 dos autos a lo lejos y afirm\u00f3 sin titubear: \u201c<strong><em>All\u00e1 hay un Talbot-Lago T26 y un Oldsmobile<\/em><\/strong>\u201d.<\/p>\n\n\n<div class=\"wp-block-image\">\n<figure class=\"aligncenter size-large\"><img decoding=\"async\" src=\"https:\/\/www.clarin.com\/img\/2025\/05\/16\/bFm2xK4qj_600x600__1.jpg\" alt=\"\"\/><\/figure><\/div>\n\n\n<p><\/p>\n\n\n\n<p>Desconcertados, los padres se acercaron a los veh\u00edculos para verificarlo. No solo acert\u00f3, sino que comenz\u00f3 a describir detalles t\u00e9cnicos de cada modelo. Uno de los due\u00f1os, el ingeniero Roberto Ulibarri, qued\u00f3 tan impactado que desde entonces le dicta clases de mec\u00e1nica.<\/p>\n\n\n\n<p>Otro momento revelador ocurri\u00f3 durante una visita laboral. Adri\u00e1n, que es carpintero, llev\u00f3 a su hijo a la casa de una clienta. Mientras hablaban, Stefano le calcul\u00f3 mentalmente la edad a la mujer con solo conocer su fecha de nacimiento. Result\u00f3 que ella trabajaba con ni\u00f1os con altas capacidades intelectuales y le recomend\u00f3 hacerle un test.<\/p>\n\n\n\n<p>El resultado fue asombroso: un coeficiente intelectual superior a 150, el m\u00e1s alto entre los ni\u00f1os evaluados en Argentina y un rasgo que solo posee el 1% de la poblaci\u00f3n mundial.<\/p>\n\n\n\n<p>Desde entonces, Stefano no ha parado de formarse. Lleva le\u00eddos m\u00e1s de 1.100 libros \u2014actualmente, est\u00e1 con uno de <em>El Se\u00f1or de los Anillos<\/em>\u2014, complet\u00f3 dos cursos de mec\u00e1nica en la UTN y toma clases de simulaci\u00f3n de carreras con el campe\u00f3n mundial Rodrigo L\u00f3pez. Sue\u00f1a con ser piloto profesional.<\/p>\n\n\n\n<figure class=\"wp-block-image size-large\"><img decoding=\"async\" src=\"https:\/\/www.clarin.com\/2025\/05\/16\/9Rgn5Kk04_1200x0__1.jpg\" alt=\"\"\/><\/figure>\n\n\n\n<p><\/p>\n\n\n\n<p>Pese a su intelecto excepcional, lleva una vida como cualquier ni\u00f1o: asiste a la escuela (donde sus materias preferidas son matem\u00e1tica y pl\u00e1stica), va a taekwondo e ingl\u00e9s, y juega como cualquier chico de su edad.<\/p>\n\n\n\n<p>Su talento no pas\u00f3 desapercibido para figuras del automovilismo. Conoci\u00f3 a Juan Mar\u00eda Traverso, quien lo invit\u00f3 a su casa tras quedar impresionado con \u00e9l. Tambi\u00e9n se reuni\u00f3 varias veces con el ingeniero y empresario Horacio Pagani, a quien le sugiri\u00f3 usar materiales aeroespaciales para fabricar autos. Pero su v\u00ednculo m\u00e1s cercano es con Rub\u00e9n Fangio, hijo del qu\u00edntuple campe\u00f3n mundial, quien lo considera como un nieto. Incluso le prometi\u00f3 una carta de recomendaci\u00f3n similar a la que su padre escribi\u00f3 para el joven Pagani.<\/p>\n\n\n\n<p>Ese gesto podr\u00eda abrirle las puertas en Italia, donde ya fue invitado por el intendente de Maranello, sede de la legendaria Ferrari.<\/p>\n\n\n\n<figure class=\"wp-block-image size-large\"><img decoding=\"async\" src=\"https:\/\/www.clarin.com\/2025\/05\/16\/YDbiL2giV_2000x1500__1.jpg\" alt=\"\"\/><\/figure>\n\n\n\n<p><\/p>\n\n\n\n<p>Hoy, Stefano trabaja junto al dise\u00f1ador Mat\u00edas Damico y el ingeniero Carlos Hepp en el desarrollo de un superdeportivo que llevar\u00e1 su propia marca. Su objetivo: construir un auto inspirado en el Escarabajo, su modelo so\u00f1ado. Por eso, espera lograr el apoyo de Volkswagen.<\/p>\n\n\n\n<p>Adem\u00e1s, participa en un proyecto de desarrollo de un sistema de seguridad automotriz in\u00e9dito, cuyos detalles a\u00fan son confidenciales.<\/p>\n\n\n\n<p>Su conocimiento t\u00e9cnico tambi\u00e9n se evidencia en lo cotidiano. En una ocasi\u00f3n, al o\u00edr el motor de un auto, le advirti\u00f3 al conductor sobre una falla en el compresor, lo cual se confirm\u00f3 al llevar el veh\u00edculo al taller.<\/p>\n\n\n\n<p>Por todo esto, el 19 de abril fue distinguido como Personalidad Destacada por el Gobierno de La Plata, convirti\u00e9ndose en la persona m\u00e1s joven del mundo en recibir este reconocimiento.<\/p>\n\n\n\n<p>A pesar del revuelo, Stefano mantiene los pies en la tierra. \u201cA los chicos de mi edad les digo que persigan sus sue\u00f1os y que ojal\u00e1 se les cumplan\u201d, concluye con humildad, tras recordar \u2014sin mirar el reloj\u2014 que la entrevista ya llevaba exactamente una hora.<\/p>\n\n\n\n<p class=\"has-text-align-center\"><em><strong><em><strong><em><strong><em><strong><a href=\"https:\/\/t.me\/esreviral\">\u00daNETE A NUESTRO CANAL DE TELEGRAM PARA ESTAR INFORMADO<\/a><\/strong><\/em><\/strong><\/em><\/strong><\/em><\/strong><\/em><\/p>\n\n\n\n<p class=\"has-text-align-right\"><strong><em>Con Informaci\u00f3n de Clarin.-<\/em><\/strong><\/p>\n","protected":false},"excerpt":{"rendered":"<p>Con apenas 8 a\u00f1os de edad, Stefano Marconi Sgroi reconoce la falla de un motor con solo escucharlo. Conoci\u00f3 al Flaco Traverso y al dise\u00f1ador Horacio Pagani.<\/p>\n","protected":false},"author":3,"featured_media":76024,"comment_status":"closed","ping_status":"closed","sticky":false,"template":"","format":"standard","meta":{"jnews-multi-image_gallery":[],"jnews_single_post":{"format":"standard"},"jnews_primary_category":[],"jnews_social_meta":[],"jnews_review":[],"enable_review":"","type":"","name":"","summary":"","brand":"","sku":"","good":[],"bad":[],"score_override":"","override_value":"","rating":[],"price":[],"jnews_override_counter":[],"jnews_post_split":[],"footnotes":""},"categories":[43],"tags":[32132,45,32131,32133],"class_list":["post-76023","post","type-post","status-publish","format-standard","has-post-thumbnail","hentry","category-actualidad","tag-coeficiente-mas-alto","tag-noticias","tag-stefano-marconi-sgroi","tag-super-auto"],"amp_enabled":true,"_links":{"self":[{"href":"https:\/\/esreviral.com\/index.php?rest_route=\/wp\/v2\/posts\/76023"}],"collection":[{"href":"https:\/\/esreviral.com\/index.php?rest_route=\/wp\/v2\/posts"}],"about":[{"href":"https:\/\/esreviral.com\/index.php?rest_route=\/wp\/v2\/types\/post"}],"author":[{"embeddable":true,"href":"https:\/\/esreviral.com\/index.php?rest_route=\/wp\/v2\/users\/3"}],"replies":[{"embeddable":true,"href":"https:\/\/esreviral.com\/index.php?rest_route=%2Fwp%2Fv2%2Fcomments&post=76023"}],"version-history":[{"count":1,"href":"https:\/\/esreviral.com\/index.php?rest_route=\/wp\/v2\/posts\/76023\/revisions"}],"predecessor-version":[{"id":76025,"href":"https:\/\/esreviral.com\/index.php?rest_route=\/wp\/v2\/posts\/76023\/revisions\/76025"}],"wp:featuredmedia":[{"embeddable":true,"href":"https:\/\/esreviral.com\/index.php?rest_route=\/wp\/v2\/media\/76024"}],"wp:attachment":[{"href":"https:\/\/esreviral.com\/index.php?rest_route=%2Fwp%2Fv2%2Fmedia&parent=76023"}],"wp:term":[{"taxonomy":"category","embeddable":true,"href":"https:\/\/esreviral.com\/index.php?rest_route=%2Fwp%2Fv2%2Fcategories&post=76023"},{"taxonomy":"post_tag","embeddable":true,"href":"https:\/\/esreviral.com\/index.php?rest_route=%2Fwp%2Fv2%2Ftags&post=76023"}],"curies":[{"name":"wp","href":"https:\/\/api.w.org\/{rel}","templated":true}]}}