{"id":76017,"date":"2025-06-25T06:28:58","date_gmt":"2025-06-25T11:28:58","guid":{"rendered":"https:\/\/esreviral.com\/?p=76017"},"modified":"2025-06-25T06:28:59","modified_gmt":"2025-06-25T11:28:59","slug":"esta-el-tuyo-lista-de-celulares-que-dejaran-de-tener-whatsapp-desde-1-de-julio-de-2025","status":"publish","type":"post","link":"https:\/\/esreviral.com\/?p=76017","title":{"rendered":"\u00bfEst\u00e1 el tuyo? Lista de celulares que dejar\u00e1n de tener WhatsApp desde 1 de julio de 2025"},"content":{"rendered":"\n<p>A partir del 1 de julio de 2025, WhatsApp dejar\u00e1 de ser compatible con varios modelos de celulares que no cumplen con los requisitos m\u00ednimos para soportar las \u00faltimas actualizaciones de la aplicaci\u00f3n de mensajer\u00eda de Meta.<\/p>\n\n\n\n<p>La medida afectar\u00e1 a dispositivos que operen con versiones anteriores a Android 5 o iOS 15.1. Esto significa que los usuarios no podr\u00e1n seguir utilizando la app, ni recibir nuevas actualizaciones, ni descargarla desde la tienda oficial, seg\u00fan inform\u00f3 <em>Infobae<\/em>.<\/p>\n\n\n\n<p>Ante este cambio, se recomienda a los usuarios respaldar sus archivos y documentos importantes, adem\u00e1s de verificar si su dispositivo se encuentra en la lista de modelos afectados.<\/p>\n\n\n\n<p class=\"has-text-align-center\"><strong><a href=\"https:\/\/chat.whatsapp.com\/KWkTmakY3I05kNdd2oZl6d\"><em>\u00daNETE A NUESTRO GRUPO DE WHATSAPP PARA ESTAR INFORMADO<\/em><\/a><\/strong><\/p>\n\n\n\n<h3 class=\"wp-block-heading\"><strong><mark style=\"background-color:rgba(0, 0, 0, 0)\" class=\"has-inline-color has-vivid-red-color\">Modelos que ya no ser\u00e1n compatibles con WhatsApp<\/mark><\/strong><\/h3>\n\n\n\n<p><strong>Samsung<\/strong><\/p>\n\n\n\n<ul class=\"wp-block-list\">\n<li>Galaxy S3<\/li>\n\n\n\n<li>Galaxy S4 Mini<\/li>\n\n\n\n<li>Galaxy Note 2<\/li>\n<\/ul>\n\n\n\n<p><\/p>\n\n\n\n<p><strong>Motorola<\/strong><\/p>\n\n\n\n<ul class=\"wp-block-list\">\n<li>Moto G (1.\u00aa generaci\u00f3n)<\/li>\n\n\n\n<li>Moto E (2014)<\/li>\n\n\n\n<li>Razr HD<\/li>\n<\/ul>\n\n\n\n<p><\/p>\n\n\n\n<p><strong>Sony<\/strong><\/p>\n\n\n\n<ul class=\"wp-block-list\">\n<li>Xperia Z<\/li>\n\n\n\n<li>Xperia SP<\/li>\n\n\n\n<li>Xperia T<\/li>\n\n\n\n<li>Xperia V<\/li>\n<\/ul>\n\n\n\n<p><\/p>\n\n\n\n<p><strong>LG<\/strong><\/p>\n\n\n\n<ul class=\"wp-block-list\">\n<li>Optimus G<\/li>\n\n\n\n<li>Nexus 4<\/li>\n\n\n\n<li>G2 Mini<\/li>\n<\/ul>\n\n\n\n<p><\/p>\n\n\n\n<p><strong>Apple<\/strong> (con iOS 15.1 o versiones anteriores)<\/p>\n\n\n\n<ul class=\"wp-block-list\">\n<li>iPhone 5<\/li>\n\n\n\n<li>iPhone 5c<\/li>\n\n\n\n<li>iPhone 6 (si no fue actualizado m\u00e1s all\u00e1 de iOS 12)<\/li>\n<\/ul>\n\n\n\n<p><\/p>\n\n\n\n<p>WhatsApp enviar\u00e1 una notificaci\u00f3n a los usuarios con estos equipos antes de que pierdan soporte, advirtiendo sobre la necesidad de actualizar el sistema operativo o cambiar de dispositivo para seguir usando la app con normalidad.<\/p>\n\n\n\n<h3 class=\"wp-block-heading\"><strong><mark style=\"background-color:rgba(0, 0, 0, 0)\" class=\"has-inline-color has-vivid-red-color\">\u00bfC\u00f3mo saber qu\u00e9 sistema operativo tiene tu celular?<\/mark><\/strong><\/h3>\n\n\n\n<p><strong>En Android:<\/strong><br>Ir a <em>Ajustes<\/em> &gt; <em>Acerca del tel\u00e9fono<\/em> o <em>Informaci\u00f3n del dispositivo<\/em> &gt; <em>Versi\u00f3n de Android<\/em>.<\/p>\n\n\n\n<p><strong>En iPhone:<\/strong><br>Ir a <em>Configuraci\u00f3n<\/em> &gt; <em>General<\/em> &gt; <em>Informaci\u00f3n<\/em> y buscar el apartado <em>Versi\u00f3n del software<\/em>.<\/p>\n\n\n\n<p>Verificar esta informaci\u00f3n permitir\u00e1 saber si tu celular est\u00e1 entre los afectados y si necesitas tomar medidas para no perder el acceso a WhatsApp.<\/p>\n\n\n\n<p class=\"has-text-align-center\"><em><strong><em><strong><em><strong><em><strong><a href=\"https:\/\/t.me\/esreviral\">\u00daNETE A NUESTRO CANAL DE TELEGRAM PARA ESTAR INFORMADO<\/a><\/strong><\/em><\/strong><\/em><\/strong><\/em><\/strong><\/em><\/p>\n\n\n\n<p class=\"has-text-align-right\"><strong><em>Con Informaci\u00f3n de\u00a0ElNacional.-<\/em><\/strong><\/p>\n","protected":false},"excerpt":{"rendered":"<p>Esta decisi\u00f3n impactar\u00e1 a usuarios de diferentes marcas cuyos dispositivos funcionen con versiones anteriores a Android 5 o iOS 15.1<\/p>\n","protected":false},"author":3,"featured_media":76018,"comment_status":"closed","ping_status":"closed","sticky":false,"template":"","format":"standard","meta":{"jnews-multi-image_gallery":[],"jnews_single_post":{"format":"standard"},"jnews_primary_category":[],"jnews_social_meta":[],"jnews_review":[],"enable_review":"","type":"","name":"","summary":"","brand":"","sku":"","good":[],"bad":[],"score_override":"","override_value":"","rating":[],"price":[],"jnews_override_counter":[],"jnews_post_split":[],"footnotes":""},"categories":[1165],"tags":[32120,32121,45,2021],"class_list":["post-76017","post","type-post","status-publish","format-standard","has-post-thumbnail","hentry","category-tecnologia","tag-android-5","tag-celulares-whatsapp","tag-noticias","tag-whatsapp"],"amp_enabled":true,"_links":{"self":[{"href":"https:\/\/esreviral.com\/index.php?rest_route=\/wp\/v2\/posts\/76017"}],"collection":[{"href":"https:\/\/esreviral.com\/index.php?rest_route=\/wp\/v2\/posts"}],"about":[{"href":"https:\/\/esreviral.com\/index.php?rest_route=\/wp\/v2\/types\/post"}],"author":[{"embeddable":true,"href":"https:\/\/esreviral.com\/index.php?rest_route=\/wp\/v2\/users\/3"}],"replies":[{"embeddable":true,"href":"https:\/\/esreviral.com\/index.php?rest_route=%2Fwp%2Fv2%2Fcomments&post=76017"}],"version-history":[{"count":1,"href":"https:\/\/esreviral.com\/index.php?rest_route=\/wp\/v2\/posts\/76017\/revisions"}],"predecessor-version":[{"id":76019,"href":"https:\/\/esreviral.com\/index.php?rest_route=\/wp\/v2\/posts\/76017\/revisions\/76019"}],"wp:featuredmedia":[{"embeddable":true,"href":"https:\/\/esreviral.com\/index.php?rest_route=\/wp\/v2\/media\/76018"}],"wp:attachment":[{"href":"https:\/\/esreviral.com\/index.php?rest_route=%2Fwp%2Fv2%2Fmedia&parent=76017"}],"wp:term":[{"taxonomy":"category","embeddable":true,"href":"https:\/\/esreviral.com\/index.php?rest_route=%2Fwp%2Fv2%2Fcategories&post=76017"},{"taxonomy":"post_tag","embeddable":true,"href":"https:\/\/esreviral.com\/index.php?rest_route=%2Fwp%2Fv2%2Ftags&post=76017"}],"curies":[{"name":"wp","href":"https:\/\/api.w.org\/{rel}","templated":true}]}}