{"id":75811,"date":"2025-06-21T08:52:03","date_gmt":"2025-06-21T13:52:03","guid":{"rendered":"https:\/\/esreviral.com\/?p=75811"},"modified":"2025-06-21T09:05:33","modified_gmt":"2025-06-21T14:05:33","slug":"karol-g-y-su-homenaje-a-lo-latino-en-tropicoqueta","status":"publish","type":"post","link":"https:\/\/esreviral.com\/?p=75811","title":{"rendered":"Karol G y su homenaje a Liz y Diveana en Tropicoqueta"},"content":{"rendered":"\n<p>Este viernes 20 de junio, Karol G le dio la bienvenida a su nuevo \u00e1lbum, <em>Tropicoqueta<\/em>, un trabajo vibrante que se viste de <strong>naranja, amarillo y esp\u00edritu tropical<\/strong>. Con maracas, tambores, cocos y palmeras como est\u00e9tica, la artista colombiana celebra sus ra\u00edces latinas en un disco que mezcla g\u00e9neros como el <strong>merengue, la bachata, el vallenato, el reguet\u00f3n y hasta el mariachi<\/strong>.<\/p>\n\n\n\n<p class=\"has-text-align-center\"><strong><a href=\"https:\/\/chat.whatsapp.com\/KWkTmakY3I05kNdd2oZl6d\"><em>\u00daNETE A NUESTRO GRUPO DE WHATSAPP PARA ESTAR INFORMADO<\/em><\/a><\/strong><\/p>\n\n\n\n<h3 class=\"wp-block-heading\"><strong><mark style=\"background-color:rgba(0, 0, 0, 0)\" class=\"has-inline-color has-vivid-red-color\">\u201cPapasito\u201d: un techno-merengue inspirado en Venezuela<\/mark><\/strong><\/h3>\n\n\n\n<p>Uno de los temas m\u00e1s destacados del \u00e1lbum es <em>\u201cPapasito\u201d<\/em>, una canci\u00f3n que Karol G defini\u00f3 como su favorita del disco. En un post de Instagram, revel\u00f3 que se trata de un <strong>techno-merengue inspirado en la m\u00fasica venezolana<\/strong>, y en especial en una de sus orquestas preferidas: <strong>Los Mel\u00f3dicos<\/strong>.<\/p>\n\n\n\n<blockquote class=\"wp-block-quote is-layout-flow wp-block-quote-is-layout-flow\">\n<p><em>\u201c\u00a1Esta canci\u00f3n, Papasito, definitivamente es mi #1! Es un techno merengue venezolano, inspirado en una de mis orquestas favoritas, LOS MEL\u00d3DICOS, y en las vocalistas femeninas que pasaron por ah\u00ed\u201d<\/em>, escribi\u00f3 emocionada.<\/p>\n<\/blockquote>\n\n\n\n<p>La Bichota tambi\u00e9n rindi\u00f3 homenaje a <strong>cantantes criollas<\/strong> que marcaron \u00e9poca dentro de la agrupaci\u00f3n, como <strong>Liz<\/strong> y <strong>Diveana<\/strong>, al destacar su talento e influencia:<\/p>\n\n\n\n<blockquote class=\"wp-block-quote is-layout-flow wp-block-quote-is-layout-flow\">\n<p><em>\u201cNadie sabe lo que signific\u00f3 crear esta pieza\u201d<\/em>, confes\u00f3.<\/p>\n<\/blockquote>\n\n\n\n<p><em>\u201cPapasito\u201d<\/em> se convirti\u00f3 en el <strong>tercer sencillo del disco<\/strong> en contar con videoclip oficial, luego de <em>\u201cSi antes te hubiera conocido\u201d<\/em> y <em>\u201cLatina Foreva\u201d<\/em>.<\/p>\n\n\n\n<p><\/p>\n\n\n\n<figure class=\"wp-block-embed is-type-video is-provider-youtube wp-block-embed-youtube wp-embed-aspect-4-3 wp-has-aspect-ratio\"><div class=\"wp-block-embed__wrapper\">\n<div class=\"jeg_video_container jeg_video_content\"><iframe title=\"KAROL G - Papasito (Official Video)\" width=\"500\" height=\"375\" src=\"https:\/\/www.youtube.com\/embed\/15iEJ0qY_70?feature=oembed\" frameborder=\"0\" allow=\"accelerometer; autoplay; clipboard-write; encrypted-media; gyroscope; picture-in-picture; web-share\" referrerpolicy=\"strict-origin-when-cross-origin\" allowfullscreen><\/iframe><\/div>\n<\/div><\/figure>\n\n\n\n<h3 class=\"wp-block-heading\"><strong><mark style=\"background-color:rgba(0, 0, 0, 0)\" class=\"has-inline-color has-vivid-red-color\">Venezuela, muy presente en el universo Tropicoqueta<\/mark><\/strong><\/h3>\n\n\n\n<p><em>Tropicoqueta<\/em> re\u00fane la <strong>esencia de Am\u00e9rica Latina<\/strong> a trav\u00e9s de una fusi\u00f3n r\u00edtmica y cultural que va desde los sonidos del Caribe hasta lo m\u00e1s tradicional del continente. Y, una vez m\u00e1s, <strong>Venezuela tiene un lugar especial en el universo creativo de Karol G<\/strong>.<\/p>\n\n\n\n<p>En la <strong>promoci\u00f3n del \u00e1lbum<\/strong>, la cantante cont\u00f3 con la participaci\u00f3n de la actriz <strong>Gaby Spanic<\/strong>, que grab\u00f3 un sketch promocional con aire de telenovela. Adem\u00e1s, el tema <em>\u201cUn gatito me llam\u00f3\u201d<\/em>, tambi\u00e9n parte del disco, fue escrito por la talentosa compositora venezolana <strong>Elena Rose<\/strong>.<\/p>\n\n\n\n<h3 class=\"wp-block-heading\"><strong><mark style=\"background-color:rgba(0, 0, 0, 0)\" class=\"has-inline-color has-vivid-red-color\">Un \u00e1lbum que mezcla g\u00e9neros, historias y orgullo latino<\/mark><\/strong><\/h3>\n\n\n\n<p>Despu\u00e9s del \u00e9xito de <em>Ma\u00f1ana Ser\u00e1 Bonito<\/em>, con el que gan\u00f3 el Latin Grammy a Mejor \u00c1lbum de M\u00fasica Urbana, Karol G vuelve a reinventarse con <em>Tropicoqueta<\/em>:<\/p>\n\n\n\n<blockquote class=\"wp-block-quote is-layout-flow wp-block-quote-is-layout-flow\">\n<p><em>\u201cEs una carta de amor a lo que fuimos y un manifiesto de lo que somos ahora\u201d<\/em>, expres\u00f3 la artista.<\/p>\n<\/blockquote>\n\n\n\n<p>Este nuevo trabajo no solo destaca por su diversidad musical \u2014que incluye vallenato, ranchera, reguet\u00f3n y merengue\u2014, sino tambi\u00e9n por su propuesta visual nost\u00e1lgica, cargada de referencias noventeras y gui\u00f1os a la cultura pop latinoamericana.<\/p>\n\n\n\n<p>Karol G reafirma que su sonido est\u00e1 en constante evoluci\u00f3n, pero su ra\u00edz latina sigue firme. Y con <em>Tropicoqueta<\/em>, deja claro que <strong>la m\u00fasica tropical no solo se baila, tambi\u00e9n se siente con orgullo<\/strong>.<\/p>\n\n\n\n<p class=\"has-text-align-center\"><em><strong><em><strong><em><strong><em><strong><a href=\"https:\/\/t.me\/esreviral\">\u00daNETE A NUESTRO CANAL DE TELEGRAM PARA ESTAR INFORMADO<\/a><\/strong><\/em><\/strong><\/em><\/strong><\/em><\/strong><\/em><\/p>\n\n\n\n<p class=\"has-text-align-right\"><\/p>\n","protected":false},"excerpt":{"rendered":"<p>La cantante colombiana lanz\u00f3 este viernes su quinto \u00e1lbum de estudio, un viaje musical por el Caribe a trav\u00e9s de ritmos como el merengue, la bachata, el mambo y, por supuesto, el reguet\u00f3n. Un disco que incluye colaboraciones con artistas como Marco Antonio Sol\u00eds y Manu Chao<\/p>\n","protected":false},"author":3,"featured_media":75812,"comment_status":"closed","ping_status":"closed","sticky":false,"template":"","format":"standard","meta":{"jnews-multi-image_gallery":[],"jnews_single_post":{"format":"standard"},"jnews_primary_category":[],"jnews_social_meta":[],"jnews_review":[],"enable_review":"","type":"","name":"","summary":"","brand":"","sku":"","good":[],"bad":[],"score_override":"","override_value":"","rating":[],"price":[],"jnews_override_counter":[],"jnews_post_split":[],"footnotes":""},"categories":[1142],"tags":[2332,45,31844],"class_list":["post-75811","post","type-post","status-publish","format-standard","has-post-thumbnail","hentry","category-musica","tag-karol-g","tag-noticias","tag-tropicoqueta"],"amp_enabled":true,"_links":{"self":[{"href":"https:\/\/esreviral.com\/index.php?rest_route=\/wp\/v2\/posts\/75811"}],"collection":[{"href":"https:\/\/esreviral.com\/index.php?rest_route=\/wp\/v2\/posts"}],"about":[{"href":"https:\/\/esreviral.com\/index.php?rest_route=\/wp\/v2\/types\/post"}],"author":[{"embeddable":true,"href":"https:\/\/esreviral.com\/index.php?rest_route=\/wp\/v2\/users\/3"}],"replies":[{"embeddable":true,"href":"https:\/\/esreviral.com\/index.php?rest_route=%2Fwp%2Fv2%2Fcomments&post=75811"}],"version-history":[{"count":3,"href":"https:\/\/esreviral.com\/index.php?rest_route=\/wp\/v2\/posts\/75811\/revisions"}],"predecessor-version":[{"id":75816,"href":"https:\/\/esreviral.com\/index.php?rest_route=\/wp\/v2\/posts\/75811\/revisions\/75816"}],"wp:featuredmedia":[{"embeddable":true,"href":"https:\/\/esreviral.com\/index.php?rest_route=\/wp\/v2\/media\/75812"}],"wp:attachment":[{"href":"https:\/\/esreviral.com\/index.php?rest_route=%2Fwp%2Fv2%2Fmedia&parent=75811"}],"wp:term":[{"taxonomy":"category","embeddable":true,"href":"https:\/\/esreviral.com\/index.php?rest_route=%2Fwp%2Fv2%2Fcategories&post=75811"},{"taxonomy":"post_tag","embeddable":true,"href":"https:\/\/esreviral.com\/index.php?rest_route=%2Fwp%2Fv2%2Ftags&post=75811"}],"curies":[{"name":"wp","href":"https:\/\/api.w.org\/{rel}","templated":true}]}}