{"id":75804,"date":"2025-06-21T08:18:19","date_gmt":"2025-06-21T13:18:19","guid":{"rendered":"https:\/\/esreviral.com\/?p=75804"},"modified":"2025-06-21T08:18:21","modified_gmt":"2025-06-21T13:18:21","slug":"mato-de-una-cuchillada-a-su-expareja-y-se-escapo-con-su-bebe","status":"publish","type":"post","link":"https:\/\/esreviral.com\/?p=75804","title":{"rendered":"Mat\u00f3 de una cuchillada a su expareja y se escap\u00f3 con su beb\u00e9"},"content":{"rendered":"\n<p>Un <strong>hombre de 27 a\u00f1os<\/strong> de edad fue detenido en <strong>Moreno<\/strong> tras asesinar de una cuchillada a su expareja en medio de una discusi\u00f3n y huir del lugar con su hijo de <strong>10 meses<\/strong> en brazos. La v\u00edctima, identificada como <strong>Fabiola Riveros B\u00e1ez Micheli<\/strong>, ten\u00eda <strong>24 a\u00f1os<\/strong>, era oriunda de Paraguay y hab\u00eda sido madre recientemente del hijo que ten\u00eda en com\u00fan con el agresor, <strong>Lucas Sebasti\u00e1n Villarreal<\/strong>.<\/p>\n\n\n\n<p>El hecho ocurri\u00f3 el viernes por la tarde en una vivienda ubicada en la calle <strong>Payr\u00f3 al 5700<\/strong>, en el barrio <strong>Fondo 25 de Mayo<\/strong>, al norte de Moreno. La alerta fue dada por la sobrina de la v\u00edctima, quien denunci\u00f3 telef\u00f3nicamente a la <strong>Comisar\u00eda 1\u00aa de Moreno<\/strong> que su t\u00eda hab\u00eda sido asesinada por su expareja dentro del domicilio que ambos hab\u00edan compartido tiempo atr\u00e1s.<\/p>\n\n\n\n<p>Cuando los efectivos llegaron al lugar, confirmaron la denuncia: <strong>Fabiola hab\u00eda recibido una pu\u00f1alada profunda en el muslo izquierdo<\/strong>, que le provoc\u00f3 una <strong>hemorragia fatal<\/strong>. Testigos indicaron que minutos antes del ataque, la pareja hab\u00eda mantenido una fuerte discusi\u00f3n.<\/p>\n\n\n\n<p class=\"has-text-align-center\"><strong><a href=\"https:\/\/chat.whatsapp.com\/KWkTmakY3I05kNdd2oZl6d\"><em>\u00daNETE A NUESTRO GRUPO DE WHATSAPP PARA ESTAR INFORMADO<\/em><\/a><\/strong><\/p>\n\n\n<div class=\"wp-block-image\">\n<figure class=\"aligncenter size-large\"><img decoding=\"async\" src=\"https:\/\/www.clarin.com\/img\/2025\/06\/20\/uj_TQuxTp_720x0__1.jpg\" alt=\"\"\/><\/figure><\/div>\n\n\n<h3 class=\"wp-block-heading\"><strong><mark style=\"background-color:rgba(0, 0, 0, 0)\" class=\"has-inline-color has-vivid-red-color\">Villarreal fue detenido a pocas cuadras del crimen<\/mark><\/strong><\/h3>\n\n\n\n<p>Tras escapar del lugar con el beb\u00e9, Villarreal fue intensamente buscado por la Polic\u00eda Bonaerense. El <strong>Grupo T\u00e1ctico Operativo (GTO)<\/strong> despleg\u00f3 un operativo en la zona y logr\u00f3 capturarlo pocas horas despu\u00e9s, escondido en una casa de la calle <strong>Emilio Castelar al 160<\/strong>, a solo cinco cuadras del lugar del crimen.<\/p>\n\n\n\n<p>El ni\u00f1o <strong>no estaba con \u00e9l al momento de la detenci\u00f3n<\/strong>: lo hab\u00eda dejado bajo el cuidado de un familiar. Afortunadamente, el beb\u00e9 fue encontrado en <strong>buen estado de salud<\/strong>.<\/p>\n\n\n\n<p>La causa qued\u00f3 en manos de la <strong>Unidad Funcional de Instrucci\u00f3n (UFI) N\u00b04 de Moreno<\/strong>, a cargo del fiscal <strong>Federico Mart\u00edn So\u00f1ora<\/strong>, quien imput\u00f3 a Villarreal por <strong>homicidio agravado<\/strong>.<\/p>\n\n\n\n<h3 class=\"wp-block-heading\"><strong><mark style=\"background-color:rgba(0, 0, 0, 0)\" class=\"has-inline-color has-vivid-red-color\">Antecedentes por violencia de g\u00e9nero y narcotr\u00e1fico<\/mark><\/strong><\/h3>\n\n\n\n<p>Lucas Villarreal posee un extenso <strong>historial delictivo y denuncias por violencia<\/strong>. Desde 2019 fue denunciado por amenazas, lesiones leves y violencia de g\u00e9nero. En <strong>febrero de 2024<\/strong>, su <strong>propia madre solicit\u00f3 una restricci\u00f3n perimetral<\/strong> en su contra. En noviembre pasado, su expareja \u2014la misma v\u00edctima del femicidio\u2014 tambi\u00e9n lo denunci\u00f3 por <strong>lesiones<\/strong> y por <strong>guardar m\u00e1s de 60 gramos de coca\u00edna<\/strong> en su domicilio.<\/p>\n\n\n\n<p>Por esos hechos, la <strong>UFI N\u00b05 de Violencia Familiar y de G\u00e9nero<\/strong> hab\u00eda iniciado una causa por lesiones leves, mientras que la <strong>UFI N\u00b012<\/strong> lo imput\u00f3 por <strong>tenencia de estupefacientes con fines de comercializaci\u00f3n<\/strong>.<\/p>\n\n\n\n<p>A pesar de los m\u00faltiples antecedentes y causas judiciales abiertas, <strong>ninguna medida preventiva fue suficiente<\/strong> para evitar el crimen que termin\u00f3 con la vida de <strong>Fabiola Riveros B\u00e1ez<\/strong>.<\/p>\n\n\n\n<p class=\"has-text-align-center\"><em><strong><em><strong><em><strong><em><strong><a href=\"https:\/\/t.me\/esreviral\">\u00daNETE A NUESTRO CANAL DE TELEGRAM PARA ESTAR INFORMADO<\/a><\/strong><\/em><\/strong><\/em><\/strong><\/em><\/strong><\/em><\/p>\n\n\n\n<p class=\"has-text-align-right\"><strong><em>Con informaci\u00f3n de\u00a0Clarin.-<\/em><\/strong><\/p>\n","protected":false},"excerpt":{"rendered":"<p>La Polic\u00eda recuper\u00f3 al ni\u00f1o y detuvo a Lucas Sebasti\u00e1n Villarreal (27), que se escond\u00eda a cinco cuadras del lugar del crimen, en Moreno<br \/>\nViolencia de g\u00e9nero, venta de drogas y hasta una perimetral, los antecedentes del asesino.<\/p>\n","protected":false},"author":3,"featured_media":75805,"comment_status":"closed","ping_status":"closed","sticky":false,"template":"","format":"standard","meta":{"jnews-multi-image_gallery":[],"jnews_single_post":{"format":"standard"},"jnews_primary_category":[],"jnews_social_meta":[],"jnews_review":[],"enable_review":"","type":"","name":"","summary":"","brand":"","sku":"","good":[],"bad":[],"score_override":"","override_value":"","rating":[],"price":[],"jnews_override_counter":[],"jnews_post_split":[],"footnotes":""},"categories":[58,64],"tags":[44,555,5641],"class_list":["post-75804","post","type-post","status-publish","format-standard","has-post-thumbnail","hentry","category-argentina","category-sucesos","tag-argentina","tag-femicidio","tag-moreno"],"amp_enabled":true,"_links":{"self":[{"href":"https:\/\/esreviral.com\/index.php?rest_route=\/wp\/v2\/posts\/75804"}],"collection":[{"href":"https:\/\/esreviral.com\/index.php?rest_route=\/wp\/v2\/posts"}],"about":[{"href":"https:\/\/esreviral.com\/index.php?rest_route=\/wp\/v2\/types\/post"}],"author":[{"embeddable":true,"href":"https:\/\/esreviral.com\/index.php?rest_route=\/wp\/v2\/users\/3"}],"replies":[{"embeddable":true,"href":"https:\/\/esreviral.com\/index.php?rest_route=%2Fwp%2Fv2%2Fcomments&post=75804"}],"version-history":[{"count":1,"href":"https:\/\/esreviral.com\/index.php?rest_route=\/wp\/v2\/posts\/75804\/revisions"}],"predecessor-version":[{"id":75806,"href":"https:\/\/esreviral.com\/index.php?rest_route=\/wp\/v2\/posts\/75804\/revisions\/75806"}],"wp:featuredmedia":[{"embeddable":true,"href":"https:\/\/esreviral.com\/index.php?rest_route=\/wp\/v2\/media\/75805"}],"wp:attachment":[{"href":"https:\/\/esreviral.com\/index.php?rest_route=%2Fwp%2Fv2%2Fmedia&parent=75804"}],"wp:term":[{"taxonomy":"category","embeddable":true,"href":"https:\/\/esreviral.com\/index.php?rest_route=%2Fwp%2Fv2%2Fcategories&post=75804"},{"taxonomy":"post_tag","embeddable":true,"href":"https:\/\/esreviral.com\/index.php?rest_route=%2Fwp%2Fv2%2Ftags&post=75804"}],"curies":[{"name":"wp","href":"https:\/\/api.w.org\/{rel}","templated":true}]}}