{"id":75736,"date":"2025-06-19T09:52:00","date_gmt":"2025-06-19T14:52:00","guid":{"rendered":"https:\/\/esreviral.com\/?p=75736"},"modified":"2025-06-19T09:52:01","modified_gmt":"2025-06-19T14:52:01","slug":"como-funcionan-los-servicios-bancos-y-supermercados-durante-el-feriado-del-20-de-junio","status":"publish","type":"post","link":"https:\/\/esreviral.com\/?p=75736","title":{"rendered":"C\u00f3mo funcionan los servicios, bancos y supermercados durante el feriado del 20 de junio"},"content":{"rendered":"\n<p>Este <strong>viernes 20 de junio<\/strong> se conmemora el <strong>D\u00eda de la Bandera<\/strong>, un <strong>feriado nacional inamovible<\/strong> en honor a la muerte de Manuel Belgrano. La jornada impactar\u00e1 en el funcionamiento de diversos servicios en todo el pa\u00eds. A continuaci\u00f3n, un repaso por c\u00f3mo operar\u00e1n los principales sectores:<\/p>\n\n\n\n<p class=\"has-text-align-center\"><strong><a href=\"https:\/\/chat.whatsapp.com\/KWkTmakY3I05kNdd2oZl6d\"><em>\u00daNETE A NUESTRO GRUPO DE WHATSAPP PARA ESTAR INFORMADO<\/em><\/a><\/strong><\/p>\n\n\n\n<h3 class=\"wp-block-heading\"><strong><mark style=\"background-color:rgba(0, 0, 0, 0)\" class=\"has-inline-color has-vivid-red-color\">Transporte p\u00fablico<\/mark><\/strong><\/h3>\n\n\n\n<ul class=\"wp-block-list\">\n<li><strong>Colectivos<\/strong>: circular\u00e1n con <strong>frecuencia reducida<\/strong>, similar a la de los <strong>domingos<\/strong>.<\/li>\n\n\n\n<li><strong>Subtes y Premetro<\/strong>: funcionar\u00e1n con <strong>horario de feriado<\/strong>. Las primeras formaciones saldr\u00e1n a las <strong>8:00<\/strong>, y las \u00faltimas entre las <strong>21:00 y 22:08<\/strong>, seg\u00fan la l\u00ednea.<\/li>\n\n\n\n<li><strong>Trenes<\/strong>: tambi\u00e9n operar\u00e1n con <strong>frecuencia de feriado<\/strong>. Afecta a las l\u00edneas <strong>Roca, Sarmiento, San Mart\u00edn, Belgrano Sur<\/strong> y <strong>Tren de la Costa<\/strong>.\n<ul class=\"wp-block-list\">\n<li>El <strong>ramal Tigre<\/strong> del <strong>tren Mitre<\/strong> seguir\u00e1 <strong>interrumpido<\/strong> hasta el 22 de junio por obras de renovaci\u00f3n.<\/li>\n<\/ul>\n<\/li>\n<\/ul>\n\n\n\n<h3 class=\"wp-block-heading\"><strong><mark style=\"background-color:rgba(0, 0, 0, 0)\" class=\"has-inline-color has-vivid-red-color\">Bancos<\/mark><\/strong><\/h3>\n\n\n\n<ul class=\"wp-block-list\">\n<li><strong>Las sucursales permanecer\u00e1n cerradas<\/strong> durante toda la jornada.<\/li>\n\n\n\n<li>Continuar\u00e1n disponibles los <strong>cajeros autom\u00e1ticos<\/strong>, <strong>home banking<\/strong>, <strong>billeteras virtuales<\/strong> y <strong>plataformas de pago digital<\/strong>.<\/li>\n<\/ul>\n\n\n\n<h3 class=\"wp-block-heading\"><strong><mark style=\"background-color:rgba(0, 0, 0, 0)\" class=\"has-inline-color has-vivid-red-color\">Supermercados<\/mark><\/strong><\/h3>\n\n\n\n<ul class=\"wp-block-list\">\n<li>Las principales cadenas <strong>abrir\u00e1n con normalidad<\/strong>, sin modificaciones en sus horarios habituales.<\/li>\n<\/ul>\n\n\n\n<h3 class=\"wp-block-heading\"><strong><mark style=\"background-color:rgba(0, 0, 0, 0)\" class=\"has-inline-color has-vivid-red-color\">Hospitales<\/mark><\/strong><\/h3>\n\n\n\n<ul class=\"wp-block-list\">\n<li>Funcionar\u00e1n las <strong>guardias m\u00e9dicas<\/strong>, <strong>\u00e1reas cr\u00edticas<\/strong>, el <strong>SAME<\/strong> y las <strong>Unidades Febriles de Urgencia (UFU)<\/strong>.<\/li>\n<\/ul>\n\n\n\n<h3 class=\"wp-block-heading\"><strong><mark style=\"background-color:rgba(0, 0, 0, 0)\" class=\"has-inline-color has-vivid-red-color\">Estacionamiento en CABA<\/mark><\/strong><\/h3>\n\n\n\n<ul class=\"wp-block-list\">\n<li>Se permitir\u00e1 estacionar en <strong>calles y avenidas<\/strong> donde normalmente est\u00e1 <strong>prohibido de lunes a viernes de 7 a 21<\/strong>.<\/li>\n\n\n\n<li>No se podr\u00e1 estacionar en lugares con <strong>prohibici\u00f3n las 24 horas<\/strong>.<\/li>\n<\/ul>\n\n\n\n<h3 class=\"wp-block-heading\"><strong><mark style=\"background-color:rgba(0, 0, 0, 0)\" class=\"has-inline-color has-vivid-red-color\">Peajes<\/mark><\/strong><\/h3>\n\n\n\n<ul class=\"wp-block-list\">\n<li>Operar\u00e1n bajo <strong>modalidad de fin de semana<\/strong>.<\/li>\n\n\n\n<li>Se considerar\u00e1 <strong>hora pico<\/strong> de <strong>11 a 15<\/strong> (sentido provincia) y de <strong>17 a 21<\/strong> (sentido centro).<\/li>\n<\/ul>\n\n\n\n<h3 class=\"wp-block-heading\"><strong><mark style=\"background-color:rgba(0, 0, 0, 0)\" class=\"has-inline-color has-vivid-red-color\">\u00bfC\u00f3mo se paga el feriado?<\/mark><\/strong><\/h3>\n\n\n\n<p>Al tratarse de un <strong>feriado nacional<\/strong>, rigen las normas del <strong>descanso dominical<\/strong>.<\/p>\n\n\n\n<ul class=\"wp-block-list\">\n<li><strong>Quienes trabajen ese d\u00eda deben cobrar el doble<\/strong> de una jornada habitual.<\/li>\n\n\n\n<li>Si fuera un <strong>d\u00eda no laborable<\/strong> (que no es el caso), el empleador decide si se trabaja o no, y el pago ser\u00eda el habitual.<\/li>\n<\/ul>\n\n\n\n<p><\/p>\n\n\n\n<p class=\"has-text-align-center\"><em><strong><em><strong><em><strong><em><strong><a href=\"https:\/\/t.me\/esreviral\">\u00daNETE A NUESTRO CANAL DE TELEGRAM PARA ESTAR INFORMADO<\/a><\/strong><\/em><\/strong><\/em><\/strong><\/em><\/strong><\/em><\/p>\n\n\n\n<p class=\"has-text-align-right\"><em><strong>Con Informaci\u00f3n de&nbsp;<\/strong><\/em><strong><em>TN<\/em><\/strong><strong><em>.<\/em><\/strong><strong><em>\u2013<\/em><\/strong><\/p>\n","protected":false},"excerpt":{"rendered":"<p>Algunos servicios funcionar\u00e1n con horarios especiales o limitaciones; conoc\u00e9 c\u00f3mo operar\u00e1 cada uno durante el feriado.<\/p>\n","protected":false},"author":3,"featured_media":75737,"comment_status":"closed","ping_status":"closed","sticky":false,"template":"","format":"standard","meta":{"jnews-multi-image_gallery":[],"jnews_single_post":{"format":"standard"},"jnews_primary_category":[],"jnews_social_meta":[],"jnews_review":[],"enable_review":"","type":"","name":"","summary":"","brand":"","sku":"","good":[],"bad":[],"score_override":"","override_value":"","rating":[],"price":[],"jnews_override_counter":[],"jnews_post_split":[],"footnotes":""},"categories":[43,58],"tags":[44,1909,836,45,1278,5132,2503],"class_list":["post-75736","post","type-post","status-publish","format-standard","has-post-thumbnail","hentry","category-actualidad","category-argentina","tag-argentina","tag-bancos","tag-feriado","tag-noticias","tag-servicios","tag-supermercados","tag-transporte"],"amp_enabled":true,"_links":{"self":[{"href":"https:\/\/esreviral.com\/index.php?rest_route=\/wp\/v2\/posts\/75736"}],"collection":[{"href":"https:\/\/esreviral.com\/index.php?rest_route=\/wp\/v2\/posts"}],"about":[{"href":"https:\/\/esreviral.com\/index.php?rest_route=\/wp\/v2\/types\/post"}],"author":[{"embeddable":true,"href":"https:\/\/esreviral.com\/index.php?rest_route=\/wp\/v2\/users\/3"}],"replies":[{"embeddable":true,"href":"https:\/\/esreviral.com\/index.php?rest_route=%2Fwp%2Fv2%2Fcomments&post=75736"}],"version-history":[{"count":1,"href":"https:\/\/esreviral.com\/index.php?rest_route=\/wp\/v2\/posts\/75736\/revisions"}],"predecessor-version":[{"id":75738,"href":"https:\/\/esreviral.com\/index.php?rest_route=\/wp\/v2\/posts\/75736\/revisions\/75738"}],"wp:featuredmedia":[{"embeddable":true,"href":"https:\/\/esreviral.com\/index.php?rest_route=\/wp\/v2\/media\/75737"}],"wp:attachment":[{"href":"https:\/\/esreviral.com\/index.php?rest_route=%2Fwp%2Fv2%2Fmedia&parent=75736"}],"wp:term":[{"taxonomy":"category","embeddable":true,"href":"https:\/\/esreviral.com\/index.php?rest_route=%2Fwp%2Fv2%2Fcategories&post=75736"},{"taxonomy":"post_tag","embeddable":true,"href":"https:\/\/esreviral.com\/index.php?rest_route=%2Fwp%2Fv2%2Ftags&post=75736"}],"curies":[{"name":"wp","href":"https:\/\/api.w.org\/{rel}","templated":true}]}}