{"id":75630,"date":"2025-06-18T08:27:45","date_gmt":"2025-06-18T13:27:45","guid":{"rendered":"https:\/\/esreviral.com\/?p=75630"},"modified":"2025-06-18T08:27:46","modified_gmt":"2025-06-18T13:27:46","slug":"mlb-fallecio-prospecto-de-beisbolista-venezolano-tras-grave-accidente","status":"publish","type":"post","link":"https:\/\/esreviral.com\/?p=75630","title":{"rendered":"MLB: Falleci\u00f3 prospecto de beisbolista venezolano tras grave accidente"},"content":{"rendered":"\n<p>La noche de este martes se conoci\u00f3 el fallecimiento del beisbolista venezolano <strong>Luis Guevara<\/strong>, de tan solo <strong>19 a\u00f1os<\/strong> de edad, tras sufrir un accidente en moto acu\u00e1tica en <strong>Sarasota, Florida<\/strong>, Estados Unidos. E<strong>l joven prospecto<\/strong> perdi\u00f3 la vida luego de que dos embarcaciones chocaran de frente en la zona de <strong>Lido Key<\/strong>.<\/p>\n\n\n\n<p>La noticia fue confirmada por los <strong>Orioles de Baltimore<\/strong> a trav\u00e9s de sus redes sociales.<\/p>\n\n\n\n<blockquote class=\"wp-block-quote is-layout-flow wp-block-quote-is-layout-flow\">\n<p>\u201cLuis era un miembro muy querido de nuestra organizaci\u00f3n y estamos devastados por su tr\u00e1gico fallecimiento\u201d, expres\u00f3 <strong>Mike Elias<\/strong>, gerente general del equipo, en un comunicado. \u201cNuestros pensamientos y oraciones est\u00e1n con su familia, amigos y compa\u00f1eros de equipo. Pedimos respeto y privacidad para ellos en este momento tan dif\u00edcil.\u201d<\/p>\n<\/blockquote>\n\n\n\n<p>Guevara hab\u00eda firmado con los Orioles como <strong>agente libre internacional en 2023<\/strong> y se encontraba en su primer a\u00f1o jugando en los Estados Unidos. Durante la temporada, particip\u00f3 en <strong>24 partidos en Clase-A<\/strong> y <strong>dos en Doble-A<\/strong>, antes de ser asignado recientemente a la <strong>Florida Complex League<\/strong>, donde disput\u00f3 <strong>cuatro juegos<\/strong> antes del tr\u00e1gico accidente ocurrido el pasado <strong>domingo<\/strong>.<\/p>\n\n\n\n<p class=\"has-text-align-center\"><strong><a href=\"https:\/\/chat.whatsapp.com\/KWkTmakY3I05kNdd2oZl6d\"><em>\u00daNETE A NUESTRO GRUPO DE WHATSAPP PARA ESTAR INFORMADO<\/em><\/a><\/strong><\/p>\n\n\n\n<p class=\"has-text-align-center\"><em><strong><em><strong><em><strong><em><strong><a href=\"https:\/\/t.me\/esreviral\">\u00daNETE A NUESTRO CANAL DE TELEGRAM PARA ESTAR INFORMADO<\/a><\/strong><\/em><\/strong><\/em><\/strong><\/em><\/strong><\/em><\/p>\n\n\n\n<p class=\"has-text-align-center\"><\/p>\n\n\n\n<blockquote class=\"twitter-tweet\"><p lang=\"zxx\" dir=\"ltr\"><a href=\"https:\/\/t.co\/YNxfKbYJXr\">pic.twitter.com\/YNxfKbYJXr<\/a><\/p>&mdash; Baltimore Orioles (@Orioles) <a href=\"https:\/\/twitter.com\/Orioles\/status\/1935170762534699350?ref_src=twsrc%5Etfw\">June 18, 2025<\/a><\/blockquote> <script async src=\"https:\/\/platform.twitter.com\/widgets.js\" charset=\"utf-8\"><\/script>\n\n\n\n<p><\/p>\n\n\n\n<p class=\"has-text-align-right\"><em><strong>Con Informaci\u00f3n de<\/strong><\/em><em style=\"\"><b>\u00a0<\/b><\/em><strong><em>unionradio.net.-<\/em><\/strong><\/p>\n","protected":false},"excerpt":{"rendered":"<p>El joven de 19 a\u00f1os de edad sufri\u00f3 un accidente en una moto acu\u00e1tica el domingo cuando dos veh\u00edculos chocaron en Sarasota, Florida. El gerente del equipo lament\u00f3 la p\u00e9rdida y pidi\u00f3 respeto para su familia<\/p>\n","protected":false},"author":3,"featured_media":75631,"comment_status":"closed","ping_status":"closed","sticky":false,"template":"","format":"standard","meta":{"jnews-multi-image_gallery":[],"jnews_single_post":{"format":"standard"},"jnews_primary_category":[],"jnews_social_meta":[],"jnews_review":[],"enable_review":"","type":"","name":"","summary":"","brand":"","sku":"","good":[],"bad":[],"score_override":"","override_value":"","rating":[],"price":[],"jnews_override_counter":[],"jnews_post_split":[],"footnotes":""},"categories":[48,54,88,64],"tags":[31744,136,4423,31743,31742,45,4396],"class_list":["post-75630","post","type-post","status-publish","format-standard","has-post-thumbnail","hentry","category-deportes","category-inmigracion","category-internacionales","category-sucesos","tag-accidente-en-una-moto-acuatica","tag-estados-unidos","tag-florida","tag-joven-prospecto","tag-luis-guevara","tag-noticias","tag-orioles-de-baltimore"],"amp_enabled":true,"_links":{"self":[{"href":"https:\/\/esreviral.com\/index.php?rest_route=\/wp\/v2\/posts\/75630"}],"collection":[{"href":"https:\/\/esreviral.com\/index.php?rest_route=\/wp\/v2\/posts"}],"about":[{"href":"https:\/\/esreviral.com\/index.php?rest_route=\/wp\/v2\/types\/post"}],"author":[{"embeddable":true,"href":"https:\/\/esreviral.com\/index.php?rest_route=\/wp\/v2\/users\/3"}],"replies":[{"embeddable":true,"href":"https:\/\/esreviral.com\/index.php?rest_route=%2Fwp%2Fv2%2Fcomments&post=75630"}],"version-history":[{"count":1,"href":"https:\/\/esreviral.com\/index.php?rest_route=\/wp\/v2\/posts\/75630\/revisions"}],"predecessor-version":[{"id":75632,"href":"https:\/\/esreviral.com\/index.php?rest_route=\/wp\/v2\/posts\/75630\/revisions\/75632"}],"wp:featuredmedia":[{"embeddable":true,"href":"https:\/\/esreviral.com\/index.php?rest_route=\/wp\/v2\/media\/75631"}],"wp:attachment":[{"href":"https:\/\/esreviral.com\/index.php?rest_route=%2Fwp%2Fv2%2Fmedia&parent=75630"}],"wp:term":[{"taxonomy":"category","embeddable":true,"href":"https:\/\/esreviral.com\/index.php?rest_route=%2Fwp%2Fv2%2Fcategories&post=75630"},{"taxonomy":"post_tag","embeddable":true,"href":"https:\/\/esreviral.com\/index.php?rest_route=%2Fwp%2Fv2%2Ftags&post=75630"}],"curies":[{"name":"wp","href":"https:\/\/api.w.org\/{rel}","templated":true}]}}