{"id":75609,"date":"2025-06-18T06:35:03","date_gmt":"2025-06-18T11:35:03","guid":{"rendered":"https:\/\/esreviral.com\/?p=75609"},"modified":"2025-06-18T06:35:04","modified_gmt":"2025-06-18T11:35:04","slug":"sujetos-asaltaron-y-apunalaron-a-venezolano-cuando-sacaba-a-pasear-a-su-mascota","status":"publish","type":"post","link":"https:\/\/esreviral.com\/?p=75609","title":{"rendered":"Sujetos asaltaron y apu\u00f1alaron a venezolano cuando sacaba a pasear a su mascota"},"content":{"rendered":"\n<p><strong>Dos ciudadanos venezolanos fueron v\u00edctimas de un violento asalto en Santiago de Chile <\/strong>mientras paseaban a su mascota en las inmediaciones del Parque de los Reyes, espec\u00edficamente en la intersecci\u00f3n de las calles San Mart\u00edn y Mapocho.<\/p>\n\n\n\n<p>Seg\u00fan inform\u00f3 <em>BioBio Chile<\/em>, cuatro delincuentes los abordaron con el objetivo de robarles sus pertenencias personales. Durante el ataque, uno de los agresores apu\u00f1al\u00f3 a una de las v\u00edctimas en el hombro.<\/p>\n\n\n\n<p class=\"has-text-align-center\"><strong><a href=\"https:\/\/chat.whatsapp.com\/KWkTmakY3I05kNdd2oZl6d\"><em>\u00daNETE A NUESTRO GRUPO DE WHATSAPP PARA ESTAR INFORMADO<\/em><\/a><\/strong><\/p>\n\n\n\n<p>Personal del Cuerpo de Bomberos de Santiago acudi\u00f3 r\u00e1pidamente al lugar para brindar los primeros auxilios, y una ambulancia del SAMU traslad\u00f3 al herido a la Posta Central. Fuentes m\u00e9dicas confirmaron que el joven se encuentra <strong>fuera de peligro vital<\/strong>.<\/p>\n\n\n\n<p>Carabineros trabaja en la recolecci\u00f3n de antecedentes para dar con el paradero de los responsables. El capit\u00e1n <strong>Manuel Salazar<\/strong>, oficial de ronda de la Prefectura Central, explic\u00f3 que el hecho ocurri\u00f3 cerca de las 21:15 del lunes.<\/p>\n\n\n\n<p><strong><em>\u201cDos personas de nacionalidad venezolana que residen en nuestro pa\u00eds fueron abordadas por cuatro individuos armados con cuchillos. Los intimidaron y les sustrajeron tel\u00e9fonos celulares y billeteras. Al huir, uno de los sujetos lesion\u00f3 a una de las v\u00edctimas con un arma blanca en el hombro<\/em><\/strong>\u201d, detall\u00f3 el oficial.<\/p>\n\n\n\n<p>La investigaci\u00f3n contin\u00faa para identificar a los agresores y determinar si est\u00e1n vinculados a otros hechos delictivos ocurridos en la zona.<\/p>\n\n\n\n<p class=\"has-text-align-center\"><em><strong><em><strong><em><strong><em><strong><a href=\"https:\/\/t.me\/esreviral\">\u00daNETE A NUESTRO CANAL DE TELEGRAM PARA ESTAR INFORMADO<\/a><\/strong><\/em><\/strong><\/em><\/strong><\/em><\/strong><\/em><\/p>\n\n\n\n<p class=\"has-text-align-right\"><strong><em>Con Informaci\u00f3n de diarioversionfinal.com.-<\/em><\/strong><\/p>\n","protected":false},"excerpt":{"rendered":"<p>Cuatro desconocidos abordaron a dos venezolanos con la intenci\u00f3n de robarles sus pertenencias personales. En medio del forcejeo, apu\u00f1alaron en el hombro a uno de los connacionales para luego darse a la fuga<\/p>\n","protected":false},"author":3,"featured_media":75610,"comment_status":"closed","ping_status":"closed","sticky":false,"template":"","format":"standard","meta":{"jnews-multi-image_gallery":[],"jnews_single_post":{"format":"standard"},"jnews_primary_category":[],"jnews_social_meta":[],"jnews_review":[],"enable_review":"","type":"","name":"","summary":"","brand":"","sku":"","good":[],"bad":[],"score_override":"","override_value":"","rating":[],"price":[],"jnews_override_counter":[],"jnews_post_split":[],"footnotes":""},"categories":[54,88,64],"tags":[386,45,7729,739,17456],"class_list":["post-75609","post","type-post","status-publish","format-standard","has-post-thumbnail","hentry","category-inmigracion","category-internacionales","category-sucesos","tag-chile","tag-noticias","tag-santiago-de-chile","tag-venezolanos-en-chile","tag-violento-asalto"],"amp_enabled":true,"_links":{"self":[{"href":"https:\/\/esreviral.com\/index.php?rest_route=\/wp\/v2\/posts\/75609"}],"collection":[{"href":"https:\/\/esreviral.com\/index.php?rest_route=\/wp\/v2\/posts"}],"about":[{"href":"https:\/\/esreviral.com\/index.php?rest_route=\/wp\/v2\/types\/post"}],"author":[{"embeddable":true,"href":"https:\/\/esreviral.com\/index.php?rest_route=\/wp\/v2\/users\/3"}],"replies":[{"embeddable":true,"href":"https:\/\/esreviral.com\/index.php?rest_route=%2Fwp%2Fv2%2Fcomments&post=75609"}],"version-history":[{"count":1,"href":"https:\/\/esreviral.com\/index.php?rest_route=\/wp\/v2\/posts\/75609\/revisions"}],"predecessor-version":[{"id":75611,"href":"https:\/\/esreviral.com\/index.php?rest_route=\/wp\/v2\/posts\/75609\/revisions\/75611"}],"wp:featuredmedia":[{"embeddable":true,"href":"https:\/\/esreviral.com\/index.php?rest_route=\/wp\/v2\/media\/75610"}],"wp:attachment":[{"href":"https:\/\/esreviral.com\/index.php?rest_route=%2Fwp%2Fv2%2Fmedia&parent=75609"}],"wp:term":[{"taxonomy":"category","embeddable":true,"href":"https:\/\/esreviral.com\/index.php?rest_route=%2Fwp%2Fv2%2Fcategories&post=75609"},{"taxonomy":"post_tag","embeddable":true,"href":"https:\/\/esreviral.com\/index.php?rest_route=%2Fwp%2Fv2%2Ftags&post=75609"}],"curies":[{"name":"wp","href":"https:\/\/api.w.org\/{rel}","templated":true}]}}