{"id":75606,"date":"2025-06-17T16:13:54","date_gmt":"2025-06-17T21:13:54","guid":{"rendered":"https:\/\/esreviral.com\/?p=75606"},"modified":"2025-06-17T16:13:55","modified_gmt":"2025-06-17T21:13:55","slug":"las-primeras-fotos-del-hallazgo-de-los-huesos-en-una-casa-donde-vivio-gustavo-cerati","status":"publish","type":"post","link":"https:\/\/esreviral.com\/?p=75606","title":{"rendered":"Las primeras fotos del hallazgo de los huesos en una casa donde vivi\u00f3 Gustavo Cerati"},"content":{"rendered":"\n<p>Tras el hallazgo de restos \u00f3seos en una vivienda del barrio porte\u00f1o de Coghlan \u2014donde vivi\u00f3 Gustavo Cerati durante dos a\u00f1os\u2014 la Justicia avanza en la investigaci\u00f3n para determinar qu\u00e9 ocurri\u00f3. En ese marco, los expertos del Equipo Argentino de Antropolog\u00eda Forense (EAAF) extrajeron los huesos de una fosa de 1,20 metros de largo, 60 cent\u00edmetros de ancho y 40 de profundidad.<\/p>\n\n\n\n<p>De acuerdo al informe policial fechado el 20 de mayo, los restos fueron hallados en el terreno de una casona demolida ubicada sobre <strong>Avenida Congreso al 3700<\/strong>, justo en la medianera con el edificio lindero, donde actualmente se proyecta la construcci\u00f3n de un nuevo inmueble.<\/p>\n\n\n\n<p class=\"has-text-align-center\"><strong><a href=\"https:\/\/chat.whatsapp.com\/KWkTmakY3I05kNdd2oZl6d\"><em>\u00daNETE A NUESTRO GRUPO DE WHATSAPP PARA ESTAR INFORMADO<\/em><\/a><\/strong><\/p>\n\n\n\n<figure class=\"wp-block-image size-large\"><img decoding=\"async\" src=\"https:\/\/tn.com.ar\/resizer\/v2\/el-equipo-argentino-de-antropologia-forense-trabajando-en-el-lugar-foto-fuente-judicial-EHZPNF5FF5EQVGAX5D43SGJDIA.jpg?auth=636889072daec90d66fc1f64ed93f174c9e0e02c0e961644eee5e5fd877a30b7&amp;width=1440\" alt=\"\"\/><\/figure>\n\n\n\n<p><\/p>\n\n\n\n<p>Una de las pistas que acapara la atenci\u00f3n de los investigadores es un <strong>reloj digital con calculadora<\/strong> hallado junto a los huesos. Se trata de un <strong>Casio modelo CA-90<\/strong>, lanzado entre 1981 y 1982, aunque no lleg\u00f3 al pa\u00eds hasta una d\u00e9cada m\u00e1s tarde. \u201cEse reloj se comercializ\u00f3 en la Argentina reci\u00e9n en 1992. Por el n\u00famero de serie sabemos cu\u00e1ndo fue vendido y otros datos. Por lo tanto, es imposible que haya estado all\u00ed antes de esa fecha. Suponiendo que fue enterrado el mismo d\u00eda que se compr\u00f3, estamos hablando de 1992 en adelante\u201d, explicaron desde la Fiscal\u00eda Nacional en lo Criminal y Correccional N\u00b0 61, a cargo de <strong>Mart\u00edn L\u00f3pez Perrando<\/strong>.<\/p>\n\n\n\n<p>Actualmente, el foco est\u00e1 puesto en determinar si el mecanismo del reloj permite establecer la <strong>fecha exacta en que se detuvo<\/strong>. \u201cNo es lo mismo si dej\u00f3 de funcionar en 1992, 1996 o en el a\u00f1o 2000. La duraci\u00f3n de la pila puede ayudarnos a acotar el rango temporal\u201d, agregaron las fuentes judiciales.<\/p>\n\n\n\n<p>Por el momento, la investigaci\u00f3n <strong>no se centra a\u00fan en los antiguos residentes<\/strong> de la vivienda ni en los del edificio contiguo. \u201cEstamos rastreando a trav\u00e9s de servicios p\u00fablicos, el Registro Civil y otras bases de datos qui\u00e9nes fijaron domicilio all\u00ed en distintos momentos. Queremos armar un panorama lo m\u00e1s amplio posible antes de empezar con las entrevistas\u201d, explicaron los voceros del caso.<\/p>\n\n\n\n<p>Por \u00faltimo, los investigadores subrayaron un dato clave: \u201c<strong>Est\u00e1 descartado que se trate de un indigente que muri\u00f3 all\u00ed y fue cubierto por la tierra<\/strong>. Esta persona fue enterrada. Alguien lo hizo\u201d.<\/p>\n\n\n\n<p class=\"has-text-align-center\"><em><strong><em><strong><em><strong><em><strong><a href=\"https:\/\/t.me\/esreviral\">\u00daNETE A NUESTRO CANAL DE TELEGRAM PARA ESTAR INFORMADO<\/a><\/strong><\/em><\/strong><\/em><\/strong><\/em><\/strong><\/em><\/p>\n\n\n\n<figure class=\"wp-block-image size-large\"><img decoding=\"async\" src=\"https:\/\/tn.com.ar\/resizer\/v2\/el-lugar-donde-encontraron-los-huesos-en-la-casa-donde-vivio-gustavo-cerati-foto-fuente-judicial-ENWCSKBQWVCL7EP3ZRGD3MAA3I.jpg?auth=e4d958bc12d1b1cacf443ebb6430c6196467c7d6b5ac71101127d2a2dd2d464a&amp;width=1440\" alt=\"\"\/><\/figure>\n\n\n\n<p><\/p>\n\n\n\n<figure class=\"wp-block-image size-large\"><img decoding=\"async\" src=\"https:\/\/tn.com.ar\/resizer\/v2\/el-lugar-donde-encontraron-los-huesos-en-la-casa-donde-vivio-gustavo-cerati-foto-fuente-judicial-JV3HKTF6PBATNAACD5XWZQLA6I.jpg?auth=637d527319516a9bc8ccd80faff5ddf396e0734aeced9e441295da6321c5640e&amp;width=1440\" alt=\"\"\/><\/figure>\n\n\n\n<p><\/p>\n\n\n\n<p class=\"has-text-align-right\"><strong><em>Con Informaci\u00f3n de TN.-<\/em><\/strong><\/p>\n","protected":false},"excerpt":{"rendered":"<p>las im\u00e1genes del momento en que encontraron restos \u00f3seos humanos en la casona de Coghlan.<\/p>\n","protected":false},"author":3,"featured_media":75607,"comment_status":"closed","ping_status":"closed","sticky":false,"template":"","format":"standard","meta":{"jnews-multi-image_gallery":[],"jnews_single_post":{"format":"standard"},"jnews_primary_category":[],"jnews_social_meta":[],"jnews_review":[],"enable_review":"","type":"","name":"","summary":"","brand":"","sku":"","good":[],"bad":[],"score_override":"","override_value":"","rating":[],"price":[],"jnews_override_counter":[],"jnews_post_split":[],"footnotes":""},"categories":[50],"tags":[2937,3768,45],"class_list":["post-75606","post","type-post","status-publish","format-standard","has-post-thumbnail","hentry","category-entretenimiento","tag-famosos","tag-gustavo-cerati","tag-noticias"],"amp_enabled":true,"_links":{"self":[{"href":"https:\/\/esreviral.com\/index.php?rest_route=\/wp\/v2\/posts\/75606"}],"collection":[{"href":"https:\/\/esreviral.com\/index.php?rest_route=\/wp\/v2\/posts"}],"about":[{"href":"https:\/\/esreviral.com\/index.php?rest_route=\/wp\/v2\/types\/post"}],"author":[{"embeddable":true,"href":"https:\/\/esreviral.com\/index.php?rest_route=\/wp\/v2\/users\/3"}],"replies":[{"embeddable":true,"href":"https:\/\/esreviral.com\/index.php?rest_route=%2Fwp%2Fv2%2Fcomments&post=75606"}],"version-history":[{"count":1,"href":"https:\/\/esreviral.com\/index.php?rest_route=\/wp\/v2\/posts\/75606\/revisions"}],"predecessor-version":[{"id":75608,"href":"https:\/\/esreviral.com\/index.php?rest_route=\/wp\/v2\/posts\/75606\/revisions\/75608"}],"wp:featuredmedia":[{"embeddable":true,"href":"https:\/\/esreviral.com\/index.php?rest_route=\/wp\/v2\/media\/75607"}],"wp:attachment":[{"href":"https:\/\/esreviral.com\/index.php?rest_route=%2Fwp%2Fv2%2Fmedia&parent=75606"}],"wp:term":[{"taxonomy":"category","embeddable":true,"href":"https:\/\/esreviral.com\/index.php?rest_route=%2Fwp%2Fv2%2Fcategories&post=75606"},{"taxonomy":"post_tag","embeddable":true,"href":"https:\/\/esreviral.com\/index.php?rest_route=%2Fwp%2Fv2%2Ftags&post=75606"}],"curies":[{"name":"wp","href":"https:\/\/api.w.org\/{rel}","templated":true}]}}