{"id":75584,"date":"2025-06-17T14:13:26","date_gmt":"2025-06-17T19:13:26","guid":{"rendered":"https:\/\/esreviral.com\/?p=75584"},"modified":"2025-06-17T14:13:29","modified_gmt":"2025-06-17T19:13:29","slug":"la-linea-de-colectivos-que-suma-un-nuevo-ramal-para-la-ciudad-de-buenos-aires","status":"publish","type":"post","link":"https:\/\/esreviral.com\/?p=75584","title":{"rendered":"La l\u00ednea de colectivos que suma un nuevo ramal para la Ciudad de Buenos Aires"},"content":{"rendered":"\n<p>Casi un siglo despu\u00e9s de la aparici\u00f3n del primer colectivo en las calles porte\u00f1as \u2014cuando en 1928 un grupo de taxistas organiz\u00f3 un recorrido fijo entre Plaza Flores y Lacarra y Rivadavia\u2014, este medio de transporte contin\u00faa siendo clave en la movilidad urbana. Hoy, con 31 l\u00edneas operando en la Ciudad de Buenos Aires, una de ellas anunci\u00f3 una ampliaci\u00f3n que beneficiar\u00e1 a miles de usuarios: la L\u00ednea 118 sumar\u00e1 un nuevo ramal que llegar\u00e1 hasta el Barrio 21-24, en la zona sur de la ciudad.<\/p>\n\n\n\n<p>Seg\u00fan se public\u00f3 en el Bolet\u00edn Oficial, este nuevo trayecto conectar\u00e1 Plaza Miserere con el Barrio 21-24, ubicado en Barracas, atravesando los barrios de San Crist\u00f3bal, Parque Patricios y parte de Barracas. El recorrido incluye puntos estrat\u00e9gicos como la planta del diario <em>La Naci\u00f3n<\/em>, el Grupo Clar\u00edn, la Casa de la Cultura, el Club Barracas Central, el Estadio Tom\u00e1s A. Duc\u00f3 (Hurac\u00e1n), el Hospital Garrahan, el Hospital Bonaparte, el Hospital de Gastroenterolog\u00eda, el Sanatorio de la Trinidad y Plaza Miserere.<\/p>\n\n\n\n<p class=\"has-text-align-center\"><strong><a href=\"https:\/\/chat.whatsapp.com\/KWkTmakY3I05kNdd2oZl6d\"><em>\u00daNETE A NUESTRO GRUPO DE WHATSAPP PARA ESTAR INFORMADO<\/em><\/a><\/strong><\/p>\n\n\n\n<p><\/p>\n\n\n\n<figure class=\"wp-block-image size-large\"><img decoding=\"async\" src=\"https:\/\/tn.com.ar\/resizer\/v2\/la-linea-118-recorre-9-kilometros-R34OKXD4MJCCVALRTIXV7MFBL4.jpg?auth=d7a5d51c5535f713b6a8a3886bd287a56c7b7626f4e2cb7f144c7d0b8deddf3a&amp;width=1440\" alt=\"\"\/><\/figure>\n\n\n\n<h3 class=\"wp-block-heading\"><strong><mark style=\"background-color:rgba(0, 0, 0, 0)\" class=\"has-inline-color has-vivid-red-color\">Nuevo recorrido: Ramal C \/ L\u00ednea 118<\/mark><\/strong><\/h3>\n\n\n\n<p><strong>Tramo de ida \u2013 hacia Plaza Miserere:<\/strong><br>Desde Zepita (entre Agust\u00edn Magaldi y Luna) por Zepita, Luna, R\u00edo Cuarto, Magaldi, Av. General Iriarte, Zavaleta, Mirav\u00e9, Lavard\u00e9n, Av. Amancio Alcorta, Herminio Masantonio, Monteagudo, Patagones, Manuel Garc\u00eda, Alberti, C\u00e1tulo Castillo, Pichincha, Av. Juan de Garay, Humberto 1\u00b0, Av. Jujuy, Bartolom\u00e9 Mitre, Paso, Per\u00f3n y Av. Pueyrred\u00f3n hasta Bartolom\u00e9 Mitre.<\/p>\n\n\n\n<p><strong>Tramo de regreso \u2013 hacia el Barrio 21-24:<\/strong><br>Desde Av. Pueyrred\u00f3n y Bartolom\u00e9 Mitre, por Av. Pueyrred\u00f3n, Av. Jujuy, Av. Brasil, Pichincha, 15 de Noviembre de 1889, Av. Jujuy, Av. Colonia, Dr. Pedro Chutro, Zavaleta, Av. General Iriarte, Lafayette y Zepita hasta Luna.<\/p>\n\n\n\n<h3 class=\"wp-block-heading\"><strong><mark style=\"background-color:rgba(0, 0, 0, 0)\" class=\"has-inline-color has-vivid-red-color\">Frecuencia y flota<\/mark><\/strong><\/h3>\n\n\n\n<p>La L\u00ednea 118 deber\u00e1 operar este nuevo ramal con un <strong>m\u00ednimo de 38 unidades<\/strong> y un <strong>m\u00e1ximo de 54<\/strong>, respetando los horarios de salida, llegada y frecuencia. El intervalo entre colectivos <strong>no podr\u00e1 ser menor a 15 minutos ni mayor a 21 minutos y 30 segundos<\/strong>.<br>El servicio hacia Plaza Miserere funcionar\u00e1 de <strong>6 a 22 h<\/strong>, mientras que el regreso desde all\u00ed hacia el Barrio 21-24 ser\u00e1 entre las <strong>7 y las 23 h<\/strong>.<\/p>\n\n\n\n<h3 class=\"wp-block-heading\"><strong><mark style=\"background-color:rgba(0, 0, 0, 0)\" class=\"has-inline-color has-vivid-red-color\">\u00bfQu\u00e9 pas\u00f3 con la L\u00ednea 6?<\/mark><\/strong><\/h3>\n\n\n\n<p>Una noticia que gener\u00f3 desconcierto entre los usuarios fue la desaparici\u00f3n de la L\u00ednea 6, que dej\u00f3 de circular por decisi\u00f3n del Gobierno porte\u00f1o. No obstante, se confirm\u00f3 que ser\u00e1 absorbida como un nuevo ramal de la <strong>L\u00ednea 50<\/strong>, bajo el nombre de <strong>Ramal C (Cartel Rojo)<\/strong>.<\/p>\n\n\n\n<p>Este ramal unir\u00e1 <strong>Av. Eva Per\u00f3n y Av. General Paz con el Hospital Garrahan<\/strong>, y dejar\u00e1 de pasar por Retiro: el nuevo recorrido finalizar\u00e1 en el Correo Central y se extender\u00e1 desde Villa Soldati hasta la Terminal Dellepiane.<\/p>\n\n\n\n<p class=\"has-text-align-center\"><em><strong><em><strong><em><strong><em><strong><a href=\"https:\/\/t.me\/esreviral\">\u00daNETE A NUESTRO CANAL DE TELEGRAM PARA ESTAR INFORMADO<\/a><\/strong><\/em><\/strong><\/em><\/strong><\/em><\/strong><\/em><\/p>\n\n\n\n<p class=\"has-text-align-right\"><strong><em>Con Informaci\u00f3n de TN.-<\/em><\/strong><\/p>\n","protected":false},"excerpt":{"rendered":"<p>El gobierno porte\u00f1o anunci\u00f3 que se estrenar\u00e1 ramal de colectivos que alcanzar\u00e1 un nuevo barrio.<\/p>\n","protected":false},"author":3,"featured_media":75585,"comment_status":"closed","ping_status":"closed","sticky":false,"template":"","format":"standard","meta":{"jnews-multi-image_gallery":[],"jnews_single_post":{"format":"standard"},"jnews_primary_category":[],"jnews_social_meta":[],"jnews_review":[],"enable_review":"","type":"","name":"","summary":"","brand":"","sku":"","good":[],"bad":[],"score_override":"","override_value":"","rating":[],"price":[],"jnews_override_counter":[],"jnews_post_split":[],"footnotes":""},"categories":[58],"tags":[44,894,2143,31733,45,31732,274],"class_list":["post-75584","post","type-post","status-publish","format-standard","has-post-thumbnail","hentry","category-argentina","tag-argentina","tag-ciudad-de-buenos-aires","tag-colectivos","tag-linea-118","tag-noticias","tag-ramal-c","tag-transporte-publico"],"amp_enabled":true,"_links":{"self":[{"href":"https:\/\/esreviral.com\/index.php?rest_route=\/wp\/v2\/posts\/75584"}],"collection":[{"href":"https:\/\/esreviral.com\/index.php?rest_route=\/wp\/v2\/posts"}],"about":[{"href":"https:\/\/esreviral.com\/index.php?rest_route=\/wp\/v2\/types\/post"}],"author":[{"embeddable":true,"href":"https:\/\/esreviral.com\/index.php?rest_route=\/wp\/v2\/users\/3"}],"replies":[{"embeddable":true,"href":"https:\/\/esreviral.com\/index.php?rest_route=%2Fwp%2Fv2%2Fcomments&post=75584"}],"version-history":[{"count":1,"href":"https:\/\/esreviral.com\/index.php?rest_route=\/wp\/v2\/posts\/75584\/revisions"}],"predecessor-version":[{"id":75586,"href":"https:\/\/esreviral.com\/index.php?rest_route=\/wp\/v2\/posts\/75584\/revisions\/75586"}],"wp:featuredmedia":[{"embeddable":true,"href":"https:\/\/esreviral.com\/index.php?rest_route=\/wp\/v2\/media\/75585"}],"wp:attachment":[{"href":"https:\/\/esreviral.com\/index.php?rest_route=%2Fwp%2Fv2%2Fmedia&parent=75584"}],"wp:term":[{"taxonomy":"category","embeddable":true,"href":"https:\/\/esreviral.com\/index.php?rest_route=%2Fwp%2Fv2%2Fcategories&post=75584"},{"taxonomy":"post_tag","embeddable":true,"href":"https:\/\/esreviral.com\/index.php?rest_route=%2Fwp%2Fv2%2Ftags&post=75584"}],"curies":[{"name":"wp","href":"https:\/\/api.w.org\/{rel}","templated":true}]}}