{"id":75578,"date":"2025-06-17T14:00:22","date_gmt":"2025-06-17T19:00:22","guid":{"rendered":"https:\/\/esreviral.com\/?p=75578"},"modified":"2025-06-17T14:25:51","modified_gmt":"2025-06-17T19:25:51","slug":"el-gobierno-argentino-presento-la-reforma-de-la-policia-federal-cuales-seran-sus-nuevas-funciones","status":"publish","type":"post","link":"https:\/\/esreviral.com\/?p=75578","title":{"rendered":"El Gobierno argentino present\u00f3 la reforma de la Polic\u00eda Federal: cu\u00e1les ser\u00e1n sus nuevas funciones"},"content":{"rendered":"\n<p>El presidente Javier Milei y la ministra de Seguridad, Patricia Bullrich, presentaron este martes en Palermo una ambiciosa reestructuraci\u00f3n de la Polic\u00eda Federal Argentina (PFA). El anuncio se realiz\u00f3 en la sede del Cuerpo de Polic\u00eda Montada y estuvo centrado en la creaci\u00f3n del nuevo <strong>Departamento Federal de Investigaciones (DFI)<\/strong>, que tendr\u00e1 a su cargo el combate de los delitos complejos en todo el pa\u00eds.<\/p>\n\n\n\n<p class=\"has-text-align-center\"><strong><a href=\"https:\/\/chat.whatsapp.com\/KWkTmakY3I05kNdd2oZl6d\"><em>\u00daNETE A NUESTRO GRUPO DE WHATSAPP PARA ESTAR INFORMADO<\/em><\/a><\/strong><\/p>\n\n\n\n<blockquote class=\"wp-block-quote is-layout-flow wp-block-quote-is-layout-flow\">\n<p>\u201cEl Estado no puede tener menos capacidad t\u00e9cnica que los narcos y los terroristas\u201d, sostuvo Milei, quien remarc\u00f3 que \u201cel delito debe combatirse en todo momento y en todo lugar. El orden p\u00fablico es sagrado y los de azul son los buenos\u201d.<\/p>\n<\/blockquote>\n\n\n\n<p>Seg\u00fan detall\u00f3 el mandatario, el DFI estar\u00e1 enfocado en <strong>desarticular organizaciones criminales<\/strong>, con una nueva estructura que permitir\u00e1 identificar y capturar no solo a los ejecutores, sino tambi\u00e9n a quienes dan las \u00f3rdenes. En ese marco, anunci\u00f3 que se reformar\u00e1n los <strong>perfiles de los investigadores<\/strong>, se capacitar\u00e1 al personal en t\u00e9cnicas modernas y se incorporar\u00e1n <strong>profesionales especializados<\/strong>, como abogados y psic\u00f3logos.<\/p>\n\n\n\n<blockquote class=\"wp-block-quote is-layout-flow wp-block-quote-is-layout-flow\">\n<p>\u201cVamos a aprender de los mejores: Estados Unidos e Israel. Queremos una PFA alineada con los est\u00e1ndares del FBI y las principales fuerzas de seguridad del mundo\u201d, agreg\u00f3 Milei.<\/p>\n<\/blockquote>\n\n\n\n<p>Tambi\u00e9n adelant\u00f3 una <strong>actualizaci\u00f3n tecnol\u00f3gica<\/strong> para la fuerza: \u201cTenemos que estar a la altura del capital, la capacidad organizativa y la tecnolog\u00eda de cualquier organizaci\u00f3n criminal. Si no, es como perder el partido antes de jugarlo\u201d.<\/p>\n\n\n\n<p>El Presidente concluy\u00f3 que la transformaci\u00f3n no ser\u00e1 solo un cambio de imagen:<\/p>\n\n\n\n<blockquote class=\"wp-block-quote is-layout-flow wp-block-quote-is-layout-flow\">\n<p>\u201cEs una modificaci\u00f3n profunda de c\u00f3mo est\u00e1 constituida esta organizaci\u00f3n. Las sombras de estas reformas van a proteger a nuestros hijos en un mundo cada vez m\u00e1s incierto\u201d.<\/p>\n<\/blockquote>\n\n\n\n<h3 class=\"wp-block-heading\"><strong><mark style=\"background-color:rgba(0, 0, 0, 0)\" class=\"has-inline-color has-vivid-red-color\">La palabra de Bullrich<\/mark><\/strong><\/h3>\n\n\n\n<p>Por su parte, la ministra Bullrich expres\u00f3 su intenci\u00f3n de que el DFI tenga <strong>presencia en todo el territorio nacional<\/strong>, con el objetivo de \u201cproteger la vida, los bienes y la libertad de los argentinos\u201d. Se\u00f1al\u00f3 que esta nueva unidad permitir\u00e1 una acci\u00f3n m\u00e1s eficaz contra el crimen organizado, con un enfoque federal y coordinado.<\/p>\n\n\n\n<h3 class=\"wp-block-heading\"><strong><mark style=\"background-color:rgba(0, 0, 0, 0)\" class=\"has-inline-color has-vivid-red-color\">El nuevo decreto y el adi\u00f3s a una norma de 1958<\/mark><\/strong><\/h3>\n\n\n\n<p>La reforma fue oficializada este martes a trav\u00e9s del <strong>Bolet\u00edn Oficial<\/strong>, donde se derog\u00f3 el hist\u00f3rico <strong>Decreto-Ley N.\u00ba 333\/1958<\/strong>, vigente desde hace m\u00e1s de seis d\u00e9cadas. En su lugar, se aprob\u00f3 un <strong>nuevo Estatuto Org\u00e1nico de la Polic\u00eda Federal<\/strong>, que marca el inicio de un proceso integral de modernizaci\u00f3n.<\/p>\n\n\n\n<p>El plan incluye la <strong>reorganizaci\u00f3n del personal<\/strong>, una <strong>reorientaci\u00f3n presupuestaria<\/strong> y una revisi\u00f3n profunda de la <strong>estructura interna<\/strong> de la fuerza. Adem\u00e1s, se formaliz\u00f3 que la Polic\u00eda Federal dejar\u00e1 de tener funciones de seguridad no federal en la Ciudad de Buenos Aires, cumpliendo as\u00ed con el convenio de transferencia progresiva firmado con el Gobierno porte\u00f1o en 2016.<\/p>\n\n\n\n<p class=\"has-text-align-center\"><\/p>\n\n\n\n<p class=\"has-text-align-center\"><em><strong><em><strong><em><strong><em><strong><a href=\"https:\/\/t.me\/esreviral\">\u00daNETE A NUESTRO CANAL DE TELEGRAM PARA ESTAR INFORMADO<\/a><\/strong><\/em><\/strong><\/em><\/strong><\/em><\/strong><\/em><\/p>\n\n\n\n<p class=\"has-text-align-right\"><strong><em>Con Informaci\u00f3n de TN.-<\/em><\/strong><\/p>\n","protected":false},"excerpt":{"rendered":"<p>Javier Milei y Patricia Bullrich explicaron la creaci\u00f3n de un Departamento Federal de Investigaciones (DFI) que se encargar\u00e1 de los delitos complejos dentro del pa\u00eds.<\/p>\n","protected":false},"author":3,"featured_media":75580,"comment_status":"closed","ping_status":"closed","sticky":false,"template":"","format":"standard","meta":{"jnews-multi-image_gallery":[],"jnews_single_post":{"format":"standard"},"jnews_primary_category":[],"jnews_social_meta":[],"jnews_review":[],"enable_review":"","type":"","name":"","summary":"","brand":"","sku":"","good":[],"bad":[],"score_override":"","override_value":"","rating":[],"price":[],"jnews_override_counter":[],"jnews_post_split":[],"footnotes":""},"categories":[58,59],"tags":[44,45],"class_list":["post-75578","post","type-post","status-publish","format-standard","has-post-thumbnail","hentry","category-argentina","category-politica","tag-argentina","tag-noticias"],"amp_enabled":true,"_links":{"self":[{"href":"https:\/\/esreviral.com\/index.php?rest_route=\/wp\/v2\/posts\/75578"}],"collection":[{"href":"https:\/\/esreviral.com\/index.php?rest_route=\/wp\/v2\/posts"}],"about":[{"href":"https:\/\/esreviral.com\/index.php?rest_route=\/wp\/v2\/types\/post"}],"author":[{"embeddable":true,"href":"https:\/\/esreviral.com\/index.php?rest_route=\/wp\/v2\/users\/3"}],"replies":[{"embeddable":true,"href":"https:\/\/esreviral.com\/index.php?rest_route=%2Fwp%2Fv2%2Fcomments&post=75578"}],"version-history":[{"count":3,"href":"https:\/\/esreviral.com\/index.php?rest_route=\/wp\/v2\/posts\/75578\/revisions"}],"predecessor-version":[{"id":75588,"href":"https:\/\/esreviral.com\/index.php?rest_route=\/wp\/v2\/posts\/75578\/revisions\/75588"}],"wp:featuredmedia":[{"embeddable":true,"href":"https:\/\/esreviral.com\/index.php?rest_route=\/wp\/v2\/media\/75580"}],"wp:attachment":[{"href":"https:\/\/esreviral.com\/index.php?rest_route=%2Fwp%2Fv2%2Fmedia&parent=75578"}],"wp:term":[{"taxonomy":"category","embeddable":true,"href":"https:\/\/esreviral.com\/index.php?rest_route=%2Fwp%2Fv2%2Fcategories&post=75578"},{"taxonomy":"post_tag","embeddable":true,"href":"https:\/\/esreviral.com\/index.php?rest_route=%2Fwp%2Fv2%2Ftags&post=75578"}],"curies":[{"name":"wp","href":"https:\/\/api.w.org\/{rel}","templated":true}]}}