{"id":75551,"date":"2025-06-17T08:42:43","date_gmt":"2025-06-17T13:42:43","guid":{"rendered":"https:\/\/esreviral.com\/?p=75551"},"modified":"2025-06-17T08:42:44","modified_gmt":"2025-06-17T13:42:44","slug":"video-visito-a-su-nieta-en-un-hospital-y-quedo-detenida-por-robarle-el-celular-a-una-enfermera","status":"publish","type":"post","link":"https:\/\/esreviral.com\/?p=75551","title":{"rendered":"+VIDEO: Visit\u00f3 a su nieta en un hospital y qued\u00f3 detenida por robarle el celular a una enfermera"},"content":{"rendered":"\n<p><strong>Una mujer de 63 a\u00f1os de edad fue detenida este lunes en el Hospital Materno Infantil de Mar del Plata tras ser descubierta robando el celular de una enfermera.<\/strong> Lo ins\u00f3lito del caso es que hab\u00eda ido al centro m\u00e9dico a visitar a su nieta, que se encontraba internada.<\/p>\n\n\n\n<p class=\"has-text-align-center\"><strong><a href=\"https:\/\/chat.whatsapp.com\/KWkTmakY3I05kNdd2oZl6d\"><em>\u00daNETE A NUESTRO GRUPO DE WHATSAPP PARA ESTAR INFORMADO<\/em><\/a><\/strong><\/p>\n\n\n\n<p>El hecho ocurri\u00f3 en horas de la tarde, cuando el hospital estaba poco concurrido. Seg\u00fan inform\u00f3 el portal 0223, la mujer deambul\u00f3 por los pasillos hasta llegar al \u00e1rea de enfermer\u00eda, donde not\u00f3 que no hab\u00eda nadie. En ese momento, aprovech\u00f3 la situaci\u00f3n y sustrajo un iPhone 11 rojo.<\/p>\n\n\n\n<p>Lo que no sab\u00eda era que sus movimientos hab\u00edan quedado registrados por las c\u00e1maras de seguridad del hospital. Al notar la falta del tel\u00e9fono, una enfermera de 42 a\u00f1os de edad dio aviso al personal de seguridad, que revis\u00f3 las im\u00e1genes y detect\u00f3 toda la secuencia del robo.<\/p>\n\n\n\n<blockquote class=\"twitter-tweet\"><p lang=\"es\" dir=\"ltr\">\ud83d\udc75\ud83d\udcf1 Fue a ver a su nieta al hospital&#8230; y termin\u00f3 detenida por robar un iPhone \ud83d\ude31<br><br>Una mujer de 63 a\u00f1os de edad fue captada por las c\u00e1maras del Hospital Materno Infantil de Mar del Plata rob\u00e1ndole el celular a una enfermera. <a href=\"https:\/\/t.co\/09OffOuc0d\">pic.twitter.com\/09OffOuc0d<\/a><\/p>&mdash; ES RE VIRAL (@esreviral) <a href=\"https:\/\/twitter.com\/esreviral\/status\/1934969650212639034?ref_src=twsrc%5Etfw\">June 17, 2025<\/a><\/blockquote> <script async src=\"https:\/\/platform.twitter.com\/widgets.js\" charset=\"utf-8\"><\/script>\n\n\n\n<p><\/p>\n\n\n\n<p>En el video se puede ver a la mujer caminando por un pasillo, detenerse frente a la puerta de enfermer\u00eda, ingresar r\u00e1pidamente y, segundos despu\u00e9s, salir del lugar ocultando un objeto en el bolsillo de su campera. Era el tel\u00e9fono robado.<\/p>\n\n\n\n<p>La denuncia activ\u00f3 la intervenci\u00f3n del Gabinete T\u00e9cnico Operativo de la Comisar\u00eda 2\u00aa, que revis\u00f3 las grabaciones, identific\u00f3 a la sospechosa y procedi\u00f3 a su detenci\u00f3n dentro de la habitaci\u00f3n donde se encontraba su nieta.<\/p>\n\n\n\n<p>La causa qued\u00f3 en manos del fiscal Fernando Berlingeri, titular de la UFI N\u00b014 de Mar del Plata, quien orden\u00f3 incorporar el video como evidencia y la imput\u00f3 por el delito de <strong>hurto<\/strong>. Si bien la mujer ya recuper\u00f3 la libertad, deber\u00e1 enfrentar el proceso judicial correspondiente.<\/p>\n\n\n\n<p class=\"has-text-align-center\"><em><strong><em><strong><em><strong><em><strong><a href=\"https:\/\/t.me\/esreviral\">\u00daNETE A NUESTRO CANAL DE TELEGRAM PARA ESTAR INFORMADO<\/a><\/strong><\/em><\/strong><\/em><\/strong><\/em><\/strong><\/em><\/p>\n\n\n\n<p class=\"has-text-align-right\"><strong><em>Con Informaci\u00f3n de Clarin.-<\/em><\/strong><\/p>\n","protected":false},"excerpt":{"rendered":"<p>El ins\u00f3lito hecho ocurri\u00f3 este lunes en el Hospital Materno Infantil de Mar del Plata.<br \/>\nSi bien la mujer de 63 a\u00f1os fue imputada por el delito de hurto, ya fue liberada.<\/p>\n","protected":false},"author":3,"featured_media":75552,"comment_status":"closed","ping_status":"closed","sticky":false,"template":"","format":"standard","meta":{"jnews-multi-image_gallery":[],"jnews_single_post":{"format":"standard"},"jnews_primary_category":[],"jnews_social_meta":[],"jnews_review":[],"enable_review":"","type":"","name":"","summary":"","brand":"","sku":"","good":[],"bad":[],"score_override":"","override_value":"","rating":[],"price":[],"jnews_override_counter":[],"jnews_post_split":[],"footnotes":""},"categories":[58],"tags":[44,1627,1214,31694,940,1043,45],"class_list":["post-75551","post","type-post","status-publish","format-standard","has-post-thumbnail","hentry","category-argentina","tag-argentina","tag-detenida","tag-hospital","tag-hospital-materno-infantil","tag-inseguridad","tag-mar-del-plata","tag-noticias"],"amp_enabled":true,"_links":{"self":[{"href":"https:\/\/esreviral.com\/index.php?rest_route=\/wp\/v2\/posts\/75551"}],"collection":[{"href":"https:\/\/esreviral.com\/index.php?rest_route=\/wp\/v2\/posts"}],"about":[{"href":"https:\/\/esreviral.com\/index.php?rest_route=\/wp\/v2\/types\/post"}],"author":[{"embeddable":true,"href":"https:\/\/esreviral.com\/index.php?rest_route=\/wp\/v2\/users\/3"}],"replies":[{"embeddable":true,"href":"https:\/\/esreviral.com\/index.php?rest_route=%2Fwp%2Fv2%2Fcomments&post=75551"}],"version-history":[{"count":1,"href":"https:\/\/esreviral.com\/index.php?rest_route=\/wp\/v2\/posts\/75551\/revisions"}],"predecessor-version":[{"id":75553,"href":"https:\/\/esreviral.com\/index.php?rest_route=\/wp\/v2\/posts\/75551\/revisions\/75553"}],"wp:featuredmedia":[{"embeddable":true,"href":"https:\/\/esreviral.com\/index.php?rest_route=\/wp\/v2\/media\/75552"}],"wp:attachment":[{"href":"https:\/\/esreviral.com\/index.php?rest_route=%2Fwp%2Fv2%2Fmedia&parent=75551"}],"wp:term":[{"taxonomy":"category","embeddable":true,"href":"https:\/\/esreviral.com\/index.php?rest_route=%2Fwp%2Fv2%2Fcategories&post=75551"},{"taxonomy":"post_tag","embeddable":true,"href":"https:\/\/esreviral.com\/index.php?rest_route=%2Fwp%2Fv2%2Ftags&post=75551"}],"curies":[{"name":"wp","href":"https:\/\/api.w.org\/{rel}","templated":true}]}}