{"id":75548,"date":"2025-06-17T07:41:48","date_gmt":"2025-06-17T12:41:48","guid":{"rendered":"https:\/\/esreviral.com\/?p=75548"},"modified":"2025-06-17T07:41:49","modified_gmt":"2025-06-17T12:41:49","slug":"voraz-incendio-en-un-edificio-el-fuego-se-expandio-a-otras-viviendas-y-evacuaron-a-40-personas","status":"publish","type":"post","link":"https:\/\/esreviral.com\/?p=75548","title":{"rendered":"Voraz incendio en un edificio: El fuego se expandi\u00f3 a otras viviendas y evacuaron a 40 personas"},"content":{"rendered":"\n<p>Un violento incendio se desat\u00f3 esta madrugada en un edificio del barrio porte\u00f1o de Montserrat, luego de que las llamas consumieran un departamento y se propagaran a otras viviendas.<strong> El hecho dej\u00f3 al menos once personas asistidas, una de las cuales debi\u00f3 ser trasladada a un hospital.<\/strong><\/p>\n\n\n\n<p>El siniestro ocurri\u00f3 en un edificio de cinco pisos ubicado en la avenida Paseo Col\u00f3n 528. Seg\u00fan inform\u00f3 Mat\u00edas Gentile, jefe de<strong> Bomberos de la Ciudad<\/strong>, el fuego se origin\u00f3 en el segundo piso y oblig\u00f3 a evacuar a unas 40 familias ante el riesgo de que se extendiera a otras unidades.<\/p>\n\n\n\n<p class=\"has-text-align-center\"><strong><a href=\"https:\/\/chat.whatsapp.com\/KWkTmakY3I05kNdd2oZl6d\"><em>\u00daNETE A NUESTRO GRUPO DE WHATSAPP PARA ESTAR INFORMADO<\/em><\/a><\/strong><\/p>\n\n\n\n<p>\u00ab<strong><em>Hay 40 familias en el edificio, que tiene planta baja y cinco pisos. Recibimos un llamado al 911 y, al llegar, advertimos que el incendio se hab\u00eda iniciado en ambos laterales del segundo piso<\/em><\/strong>\u00ab, detall\u00f3 Gentile. La mayor\u00eda de los residentes se autoevacu\u00f3, mientras que seis adultos y dos menores buscaron refugio en la terraza, donde fueron resguardados por personal del Grupo Especial de Rescate (GER) hasta que pudieron descender con seguridad.<\/p>\n\n\n\n<p>Adem\u00e1s de los Bomberos, en el lugar trabaj\u00f3 personal del SAME, que asisti\u00f3 a 11 personas por inhalaci\u00f3n de humo. Una de ellas fue derivada al Hospital Ramos Mej\u00eda por exposici\u00f3n a mon\u00f3xido de carbono.<\/p>\n\n\n\n<p>El fuego tambi\u00e9n afect\u00f3 a las mascotas. Un perro de 12 a\u00f1os fue rescatado inconsciente por los bomberos. \u201c<strong><em>Tengo que llevarlo urgente al veterinario porque me dicen que tiene mucho mon\u00f3xido de carbono en los pulmones<\/em><\/strong>\u201d, relat\u00f3 a TN el joven que lo cuida.<\/p>\n\n\n\n<p>Seg\u00fan las autoridades, el incendio se desat\u00f3 antes de las 5 de la ma\u00f1ana y, aunque para las 8 ya estaba controlado, los bomberos segu\u00edan trabajando en la extinci\u00f3n total del foco \u00edgneo. El jefe de Bomberos, Diego Coria, indic\u00f3 que \u201c<strong><em>el fuego se encuentra circunscripto, pero seguimos con tareas operativas mientras se investiga el origen del siniestro\u201d.<\/em><\/strong><\/p>\n\n\n\n<p>En total, intervinieron once dotaciones, siendo la primera en arribar la de San Telmo, seguida por una unidad de la Polic\u00eda Federal.<\/p>\n\n\n\n<p><em><strong>Noticia en desarrollo.<\/strong>..<\/em><\/p>\n\n\n\n<p class=\"has-text-align-center\"><em><strong><em><strong><em><strong><em><strong><a href=\"https:\/\/t.me\/esreviral\">\u00daNETE A NUESTRO CANAL DE TELEGRAM PARA ESTAR INFORMADO<\/a><\/strong><\/em><\/strong><\/em><\/strong><\/em><\/strong><\/em><\/p>\n\n\n\n<p class=\"has-text-align-right\"><strong><em>Con Informaci\u00f3n deClarin.-<\/em><\/strong><\/p>\n","protected":false},"excerpt":{"rendered":"<p>Ocurri\u00f3 en la avenida Paseo Col\u00f3n al 500.<br \/>\nHay 11 personas asistidas y una debi\u00f3 ser trasladada al hospital<\/p>\n","protected":false},"author":3,"featured_media":75549,"comment_status":"closed","ping_status":"closed","sticky":false,"template":"","format":"standard","meta":{"jnews-multi-image_gallery":[],"jnews_single_post":{"format":"standard"},"jnews_primary_category":[],"jnews_social_meta":[],"jnews_review":[],"enable_review":"","type":"","name":"","summary":"","brand":"","sku":"","good":[],"bad":[],"score_override":"","override_value":"","rating":[],"price":[],"jnews_override_counter":[],"jnews_post_split":[],"footnotes":""},"categories":[58],"tags":[44,9320,933,31693,45],"class_list":["post-75548","post","type-post","status-publish","format-standard","has-post-thumbnail","hentry","category-argentina","tag-argentina","tag-bomberos-de-la-ciudad","tag-incendio","tag-montserrat","tag-noticias"],"amp_enabled":true,"_links":{"self":[{"href":"https:\/\/esreviral.com\/index.php?rest_route=\/wp\/v2\/posts\/75548"}],"collection":[{"href":"https:\/\/esreviral.com\/index.php?rest_route=\/wp\/v2\/posts"}],"about":[{"href":"https:\/\/esreviral.com\/index.php?rest_route=\/wp\/v2\/types\/post"}],"author":[{"embeddable":true,"href":"https:\/\/esreviral.com\/index.php?rest_route=\/wp\/v2\/users\/3"}],"replies":[{"embeddable":true,"href":"https:\/\/esreviral.com\/index.php?rest_route=%2Fwp%2Fv2%2Fcomments&post=75548"}],"version-history":[{"count":1,"href":"https:\/\/esreviral.com\/index.php?rest_route=\/wp\/v2\/posts\/75548\/revisions"}],"predecessor-version":[{"id":75550,"href":"https:\/\/esreviral.com\/index.php?rest_route=\/wp\/v2\/posts\/75548\/revisions\/75550"}],"wp:featuredmedia":[{"embeddable":true,"href":"https:\/\/esreviral.com\/index.php?rest_route=\/wp\/v2\/media\/75549"}],"wp:attachment":[{"href":"https:\/\/esreviral.com\/index.php?rest_route=%2Fwp%2Fv2%2Fmedia&parent=75548"}],"wp:term":[{"taxonomy":"category","embeddable":true,"href":"https:\/\/esreviral.com\/index.php?rest_route=%2Fwp%2Fv2%2Fcategories&post=75548"},{"taxonomy":"post_tag","embeddable":true,"href":"https:\/\/esreviral.com\/index.php?rest_route=%2Fwp%2Fv2%2Ftags&post=75548"}],"curies":[{"name":"wp","href":"https:\/\/api.w.org\/{rel}","templated":true}]}}