{"id":75544,"date":"2025-06-17T07:29:11","date_gmt":"2025-06-17T12:29:11","guid":{"rendered":"https:\/\/esreviral.com\/?p=75544"},"modified":"2025-06-17T07:31:50","modified_gmt":"2025-06-17T12:31:50","slug":"trabajadores-una-empresa-de-bebidas-bloquean-el-paso-por-despidos","status":"publish","type":"post","link":"https:\/\/esreviral.com\/?p=75544","title":{"rendered":"Trabajadores de una empresa de bebidas bloquean el paso por despidos"},"content":{"rendered":"\n<p>La ma\u00f1ana de este martes comenz\u00f3 con <strong>demoras y desv\u00edos en el tr\u00e1nsito<\/strong> sobre el <strong>Camino del Buen Ayre<\/strong>, a la altura del partido bonaerense de <strong>San Mart\u00edn<\/strong>, debido a un <strong>corte total<\/strong> encabezado por trabajadores de la empresa <strong>Industrias J.F. Secco<\/strong>. La protesta se inici\u00f3 poco antes de las 6:00 y fue motivada por el <strong>despido de m\u00e1s de 30 empleados<\/strong>, quienes exigen su <strong>inmediata reincorporaci\u00f3n<\/strong>.<\/p>\n\n\n\n<p>El corte se produjo a la altura de <strong>Debenedetti<\/strong>, en las inmediaciones de la planta de <strong>Ceamse<\/strong>, en sentido hacia la <strong>Autopista Acceso Oeste<\/strong>, lo que gener\u00f3 importantes complicaciones para quienes circulaban en direcci\u00f3n a Panamericana. Seg\u00fan la empresa concesionaria de la autopista, el tr\u00e1nsito fue desviado por <strong>Puente 900<\/strong>, lo que ocasion\u00f3 <strong>fuertes demoras<\/strong> debido al alto caudal vehicular.<\/p>\n\n\n\n<p>\u201c<strong>Somos m\u00e1s de 30 trabajadores despedidos, esenciales, que realizamos tareas de reconexi\u00f3n del servicio ante cortes masivos, cat\u00e1strofes, inundaciones, entre otras funciones<\/strong>\u201d, expresaron los manifestantes, quienes estuvieron acompa\u00f1ados por <strong>estudiantes universitarios<\/strong> que se sumaron en apoyo a la medida.<\/p>\n\n\n\n<p class=\"has-text-align-center\"><strong><a href=\"https:\/\/chat.whatsapp.com\/KWkTmakY3I05kNdd2oZl6d\"><em>\u00daNETE A NUESTRO GRUPO DE WHATSAPP PARA ESTAR INFORMADO<\/em><\/a><\/strong><\/p>\n\n\n\n<blockquote class=\"twitter-tweet\"><p lang=\"es\" dir=\"ltr\">\ud83c\udde6\ud83c\uddf7 La ma\u00f1ana de este martes comenz\u00f3 con demoras y desv\u00edos en el tr\u00e1nsito sobre el Camino del Buen Ayre, a la altura del partido bonaerense de San Mart\u00edn, debido a un corte total encabezado por trabajadores de la empresa Industrias J.F. Secco. <a href=\"https:\/\/t.co\/0RVuCLHYMW\">pic.twitter.com\/0RVuCLHYMW<\/a><\/p>&mdash; ES RE VIRAL (@esreviral) <a href=\"https:\/\/twitter.com\/esreviral\/status\/1934950511242813842?ref_src=twsrc%5Etfw\">June 17, 2025<\/a><\/blockquote> <script async src=\"https:\/\/platform.twitter.com\/widgets.js\" charset=\"utf-8\"><\/script>\n\n\n\n<p><\/p>\n\n\n\n<p>El delegado de <strong>FETERA<\/strong> en Secco, <strong>Ariel Moreno<\/strong>, explic\u00f3 en su cuenta de X (ex Twitter) que la protesta se intensific\u00f3 luego de que la empresa no se presentara a una audiencia con el <strong>Ministerio de Trabajo de la provincia de Buenos Aires<\/strong> programada para el viernes pasado. Una nueva audiencia fue convocada para este martes a las 10:00 por la <strong>cartera laboral del municipio de San Mart\u00edn<\/strong>.<\/p>\n\n\n\n<p>La empresa <strong>Secco<\/strong> se dedica a proveer energ\u00eda y equipamiento para industrias del sector <strong>petrolero, minero, petroqu\u00edmico y sider\u00fargico<\/strong>, con presencia en <strong>Argentina, Chile, Uruguay y Bolivia<\/strong>.<\/p>\n\n\n\n<blockquote class=\"twitter-tweet\"><p lang=\"es\" dir=\"ltr\">Necesitamos el apoyo y el acompa\u00f1amiento de todos los sectores para ser parte de las acciones previas a la audiencia para exigir la reincorporaci\u00f3n de nuestros compa\u00f1eros. Ma\u00f1ana 17\/6 a las 10hs en el ministerio de trabajo de San Martin.<br><br>Basta de despidos discriminatorios! <a href=\"https:\/\/t.co\/7x46QMy7wP\">pic.twitter.com\/7x46QMy7wP<\/a><\/p>&mdash; Ariel Moreno (@arimoreno__) <a href=\"https:\/\/twitter.com\/arimoreno__\/status\/1934591372356370809?ref_src=twsrc%5Etfw\">June 16, 2025<\/a><\/blockquote> <script async src=\"https:\/\/platform.twitter.com\/widgets.js\" charset=\"utf-8\"><\/script>\n\n\n\n<h3 class=\"wp-block-heading\"><strong><mark style=\"background-color:rgba(0, 0, 0, 0)\" class=\"has-inline-color has-vivid-red-color\">Protestas tambi\u00e9n afectaron la Autopista Buenos Aires\u2013La Plata y la Ruta 2<\/mark><\/strong><\/h3>\n\n\n\n<p>El lunes por la ma\u00f1ana tambi\u00e9n se registr\u00f3 una importante manifestaci\u00f3n sobre la <strong>Autopista Buenos Aires\u2013La Plata<\/strong>, a la altura del <strong>kil\u00f3metro 16<\/strong>, en sentido hacia la <strong>capital provincial<\/strong>, en rechazo a la <strong>condena a la expresidenta Cristina Fern\u00e1ndez de Kirchner<\/strong>. La protesta gener\u00f3 interrupciones totales y desv\u00edos en varios puntos.<\/p>\n\n\n\n<p>A ra\u00edz del corte, los veh\u00edculos que se dirig\u00edan hacia <strong>La Plata<\/strong> debieron tomar la salida del <strong>kil\u00f3metro 9<\/strong>, mientras que los que circulaban hacia <strong>Capital Federal<\/strong> fueron redirigidos por las salidas de los <strong>kil\u00f3metros 21 y 27<\/strong>, seg\u00fan inform\u00f3 <strong>AUBASA<\/strong>, la empresa concesionaria de la traza.<\/p>\n\n\n\n<p>Adem\u00e1s, AUBASA report\u00f3 un <strong>segundo bloqueo<\/strong> sobre la <strong>Ruta 2<\/strong>, en el <strong>kil\u00f3metro 46<\/strong>, en sentido hacia Buenos Aires. En ese tramo, se permiti\u00f3 la circulaci\u00f3n \u00fanicamente por la colectora en contramano.<\/p>\n\n\n\n<p>Ambas manifestaciones fueron levantadas antes de las 19:00, aunque el tr\u00e1nsito permaneci\u00f3 parcialmente detenido debido a que las <strong>fuerzas de seguridad y los Bomberos<\/strong> trabajaban en la extinci\u00f3n de <strong>fuegos provocados por los manifestantes sobre el asfalto<\/strong>.<\/p>\n\n\n\n<p class=\"has-text-align-center\"><em><strong><em><strong><em><strong><em><strong><a href=\"https:\/\/t.me\/esreviral\">\u00daNETE A NUESTRO CANAL DE TELEGRAM PARA ESTAR INFORMADO<\/a><\/strong><\/em><\/strong><\/em><\/strong><\/em><\/strong><\/em><\/p>\n\n\n\n<p class=\"has-text-align-right\"><em><strong>Con Informaci\u00f3n de\u00a0<\/strong><\/em><strong><em>lanacion.com.ar<\/em><\/strong><strong><em>.-<\/em><\/strong><\/p>\n","protected":false},"excerpt":{"rendered":"<p>La manifestaci\u00f3n de los empleados de la empresa generadora de electricidad comenz\u00f3 durante las primeras horas de este martes; se impide el paso sentido al Acceso Oeste<\/p>\n","protected":false},"author":3,"featured_media":75545,"comment_status":"closed","ping_status":"closed","sticky":false,"template":"","format":"standard","meta":{"jnews-multi-image_gallery":[],"jnews_single_post":{"format":"standard"},"jnews_primary_category":[],"jnews_social_meta":[],"jnews_review":[],"enable_review":"","type":"","name":"","summary":"","brand":"","sku":"","good":[],"bad":[],"score_override":"","override_value":"","rating":[],"price":[],"jnews_override_counter":[],"jnews_post_split":[],"footnotes":""},"categories":[58],"tags":[44,31692,31690,8132,31691,45,7304],"class_list":["post-75544","post","type-post","status-publish","format-standard","has-post-thumbnail","hentry","category-argentina","tag-argentina","tag-autopista-acceso-oeste","tag-ceamse","tag-cortes-de-calles","tag-industrias-j-f-secco","tag-noticias","tag-san-martin-2"],"amp_enabled":true,"_links":{"self":[{"href":"https:\/\/esreviral.com\/index.php?rest_route=\/wp\/v2\/posts\/75544"}],"collection":[{"href":"https:\/\/esreviral.com\/index.php?rest_route=\/wp\/v2\/posts"}],"about":[{"href":"https:\/\/esreviral.com\/index.php?rest_route=\/wp\/v2\/types\/post"}],"author":[{"embeddable":true,"href":"https:\/\/esreviral.com\/index.php?rest_route=\/wp\/v2\/users\/3"}],"replies":[{"embeddable":true,"href":"https:\/\/esreviral.com\/index.php?rest_route=%2Fwp%2Fv2%2Fcomments&post=75544"}],"version-history":[{"count":2,"href":"https:\/\/esreviral.com\/index.php?rest_route=\/wp\/v2\/posts\/75544\/revisions"}],"predecessor-version":[{"id":75547,"href":"https:\/\/esreviral.com\/index.php?rest_route=\/wp\/v2\/posts\/75544\/revisions\/75547"}],"wp:featuredmedia":[{"embeddable":true,"href":"https:\/\/esreviral.com\/index.php?rest_route=\/wp\/v2\/media\/75545"}],"wp:attachment":[{"href":"https:\/\/esreviral.com\/index.php?rest_route=%2Fwp%2Fv2%2Fmedia&parent=75544"}],"wp:term":[{"taxonomy":"category","embeddable":true,"href":"https:\/\/esreviral.com\/index.php?rest_route=%2Fwp%2Fv2%2Fcategories&post=75544"},{"taxonomy":"post_tag","embeddable":true,"href":"https:\/\/esreviral.com\/index.php?rest_route=%2Fwp%2Fv2%2Ftags&post=75544"}],"curies":[{"name":"wp","href":"https:\/\/api.w.org\/{rel}","templated":true}]}}