{"id":75494,"date":"2025-06-16T10:22:10","date_gmt":"2025-06-16T15:22:10","guid":{"rendered":"https:\/\/esreviral.com\/?p=75494"},"modified":"2025-06-16T10:22:11","modified_gmt":"2025-06-16T15:22:11","slug":"republica-dominicana-aclaro-que-aun-evalua-la-reanudacion-de-vuelos-con-venezuela","status":"publish","type":"post","link":"https:\/\/esreviral.com\/?p=75494","title":{"rendered":"Rep\u00fablica Dominicana aclar\u00f3 que a\u00fan eval\u00faa la reanudaci\u00f3n de vuelos con Venezuela"},"content":{"rendered":"\n<p>La <strong>Junta de Aviaci\u00f3n Civil de Rep\u00fablica Dominicana (JAC)<\/strong> aclar\u00f3 que <strong>todav\u00eda se encuentra en proceso de evaluaci\u00f3n<\/strong> cualquier posibilidad de reanudar los vuelos comerciales con Venezuela, los cuales permanecen suspendidos desde 2021 por razones de seguridad.<\/p>\n\n\n\n<p>\u201cEl gobierno dominicano, a trav\u00e9s de la JAC, evaluar\u00e1 con responsabilidad y en estricto apego al inter\u00e9s nacional cualquier solicitud de restablecimiento de rutas a\u00e9reas, como es el caso de Venezuela\u201d, expres\u00f3 <strong>H\u00e9ctor Porcella<\/strong>, presidente de la JAC, mediante una declaraci\u00f3n p\u00fablica emitida el s\u00e1bado 14 de junio.<\/p>\n\n\n\n<p>Porcella precis\u00f3 que <strong>cualquier decisi\u00f3n oficial ser\u00e1 anunciada por los canales de comunicaci\u00f3n del Estado dominicano<\/strong>. En un comunicado publicado el 15 de junio en la p\u00e1gina web del organismo, se reiter\u00f3 que <strong>las operaciones a\u00e9reas entre ambos pa\u00edses contin\u00faan suspendidas<\/strong> hasta nuevo aviso, y que dicha medida se encuentra alineada con recomendaciones de organismos internacionales en materia de aviaci\u00f3n.<\/p>\n\n\n\n<p class=\"has-text-align-center\"><strong><a href=\"https:\/\/chat.whatsapp.com\/KWkTmakY3I05kNdd2oZl6d\"><em>\u00daNETE A NUESTRO GRUPO DE WHATSAPP PARA ESTAR INFORMADO<\/em><\/a><\/strong><\/p>\n\n\n\n<h3 class=\"wp-block-heading\"><strong><mark style=\"background-color:rgba(0, 0, 0, 0)\" class=\"has-inline-color has-vivid-red-color\">Contradicciones desde Venezuela<\/mark><\/strong><\/h3>\n\n\n\n<p>Pese a la postura oficial de Rep\u00fablica Dominicana, el <strong>Instituto Nacional de Aeron\u00e1utica Civil de Venezuela (INAC)<\/strong> anunci\u00f3 el domingo 15 de junio la <strong>reanudaci\u00f3n de los vuelos comerciales hacia y desde Rep\u00fablica Dominicana<\/strong>.<\/p>\n\n\n\n<p>\u201cEl Instituto Nacional de Aeron\u00e1utica Civil (INAC) informa la reanudaci\u00f3n de las operaciones aerocomerciales de pasajeros, carga y correo hacia y desde la Rep\u00fablica Dominicana\u201d, public\u00f3 el organismo venezolano en su cuenta de Instagram.<\/p>\n\n\n\n<p>Sin embargo, el comunicado <strong>no especifica una fecha exacta para el reinicio de los vuelos<\/strong> ni aclara si la medida ya entr\u00f3 en vigor, lo que genera incertidumbre sobre la coordinaci\u00f3n efectiva entre ambos gobiernos.<\/p>\n\n\n\n<h3 class=\"wp-block-heading\"><strong><mark style=\"background-color:rgba(0, 0, 0, 0)\" class=\"has-inline-color has-vivid-red-color\">Reanudaci\u00f3n de rutas en la regi\u00f3n<\/mark><\/strong><\/h3>\n\n\n\n<p>Este anuncio se produce semanas despu\u00e9s de que <strong>se reactivaran los vuelos entre Venezuela y Panam\u00e1<\/strong>, tras varios a\u00f1os de suspensi\u00f3n. La medida fue dada a conocer el pasado <strong>jueves 22 de mayo<\/strong>, luego de que diversas aerol\u00edneas anunciaran la reactivaci\u00f3n de sus frecuencias.<\/p>\n\n\n\n<p>\u201cLa reanudaci\u00f3n de los vuelos entre Panam\u00e1 y Venezuela se realizar\u00e1 bajo el principio de reciprocidad. Adem\u00e1s, cabe destacar que la reactivaci\u00f3n de las operaciones a\u00e9reas se efectuar\u00e1 de acuerdo con la capacidad t\u00e9cnica de los operadores de ambos pa\u00edses\u201d, se\u00f1al\u00f3 en su momento la <strong>Autoridad Aeron\u00e1utica Civil de Panam\u00e1 (AAC)<\/strong> a trav\u00e9s de su cuenta en la red social X.<\/p>\n\n\n\n<p class=\"has-text-align-center\"><em><strong><em><strong><em><strong><em><strong><a href=\"https:\/\/t.me\/esreviral\">\u00daNETE A NUESTRO CANAL DE TELEGRAM PARA ESTAR INFORMADO<\/a><\/strong><\/em><\/strong><\/em><\/strong><\/em><\/strong><\/em><\/p>\n\n\n\n<p>Mientras tanto, <strong>los vuelos entre Venezuela y Rep\u00fablica Dominicana seguir\u00e1n suspendidos<\/strong> hasta que el gobierno dominicano emita una resoluci\u00f3n oficial que autorice su restablecimiento.<\/p>\n\n\n\n<p class=\"has-text-align-right\"><strong><em>Con Informaci\u00f3n de eldiario.com.-<\/em><\/strong><\/p>\n","protected":false},"excerpt":{"rendered":"<p>El presidente de la Junta de Aviaci\u00f3n Civil en Rep\u00fablica Dominicana, H\u00e9ctor Porcella, asegur\u00f3 que cuando se tome una decisi\u00f3n ser\u00e1 comunicada por los canales oficiales del Estado <\/p>\n","protected":false},"author":3,"featured_media":75495,"comment_status":"closed","ping_status":"closed","sticky":false,"template":"","format":"standard","meta":{"jnews-multi-image_gallery":[],"jnews_single_post":{"format":"standard"},"jnews_primary_category":[],"jnews_social_meta":[],"jnews_review":[],"enable_review":"","type":"","name":"","summary":"","brand":"","sku":"","good":[],"bad":[],"score_override":"","override_value":"","rating":[],"price":[],"jnews_override_counter":[],"jnews_post_split":[],"footnotes":""},"categories":[88],"tags":[44,3503,45,453,46],"class_list":["post-75494","post","type-post","status-publish","format-standard","has-post-thumbnail","hentry","category-internacionales","tag-argentina","tag-mundo","tag-noticias","tag-republica-dominicana","tag-vuelos"],"_links":{"self":[{"href":"https:\/\/esreviral.com\/index.php?rest_route=\/wp\/v2\/posts\/75494","targetHints":{"allow":["GET"]}}],"collection":[{"href":"https:\/\/esreviral.com\/index.php?rest_route=\/wp\/v2\/posts"}],"about":[{"href":"https:\/\/esreviral.com\/index.php?rest_route=\/wp\/v2\/types\/post"}],"author":[{"embeddable":true,"href":"https:\/\/esreviral.com\/index.php?rest_route=\/wp\/v2\/users\/3"}],"replies":[{"embeddable":true,"href":"https:\/\/esreviral.com\/index.php?rest_route=%2Fwp%2Fv2%2Fcomments&post=75494"}],"version-history":[{"count":1,"href":"https:\/\/esreviral.com\/index.php?rest_route=\/wp\/v2\/posts\/75494\/revisions"}],"predecessor-version":[{"id":75496,"href":"https:\/\/esreviral.com\/index.php?rest_route=\/wp\/v2\/posts\/75494\/revisions\/75496"}],"wp:featuredmedia":[{"embeddable":true,"href":"https:\/\/esreviral.com\/index.php?rest_route=\/wp\/v2\/media\/75495"}],"wp:attachment":[{"href":"https:\/\/esreviral.com\/index.php?rest_route=%2Fwp%2Fv2%2Fmedia&parent=75494"}],"wp:term":[{"taxonomy":"category","embeddable":true,"href":"https:\/\/esreviral.com\/index.php?rest_route=%2Fwp%2Fv2%2Fcategories&post=75494"},{"taxonomy":"post_tag","embeddable":true,"href":"https:\/\/esreviral.com\/index.php?rest_route=%2Fwp%2Fv2%2Ftags&post=75494"}],"curies":[{"name":"wp","href":"https:\/\/api.w.org\/{rel}","templated":true}]}}