{"id":75482,"date":"2025-06-16T09:03:40","date_gmt":"2025-06-16T14:03:40","guid":{"rendered":"https:\/\/esreviral.com\/?p=75482"},"modified":"2025-06-16T09:03:41","modified_gmt":"2025-06-16T14:03:41","slug":"arrestaron-a-una-pareja-tras-fracturarle-el-antebrazo-a-un-nino","status":"publish","type":"post","link":"https:\/\/esreviral.com\/?p=75482","title":{"rendered":"Arrestaron a una pareja tras fracturarle el antebrazo a un  ni\u00f1o"},"content":{"rendered":"\n<p>El padre y la madrastra de un ni\u00f1o de dos a\u00f1os de edad fueron detenidos en el <strong>estado Barinas<\/strong>, Venezuela, acusados de haberle <strong>causado una fractura en el antebrazo izquierdo en el marco de una serie de presuntos maltratos.<\/strong><\/p>\n\n\n\n<p>La informaci\u00f3n fue confirmada por el fiscal general de la Rep\u00fablica, <strong>Tarek William Saab,<\/strong> a trav\u00e9s de las redes sociales del Ministerio P\u00fablico. Seg\u00fan detall\u00f3, Jairo Vivas y Mayerlin Mena habr\u00edan golpeado violentamente al menor, provoc\u00e1ndole la fractura del hueso radio izquierdo.<\/p>\n\n\n\n<p>Tras ser trasladado a un centro de salud, los m\u00e9dicos tambi\u00e9n detectaron que el ni\u00f1o presentaba signos de desnutrici\u00f3n.<\/p>\n\n\n\n<p>Saab indic\u00f3 que los detenidos ser\u00e1n imputados por el delito de trato cruel agravado y continuado. Se espera que en las pr\u00f3ximas horas sean presentados ante los tribunales competentes, que podr\u00edan ordenar su privaci\u00f3n de libertad mientras avanza la investigaci\u00f3n.<\/p>\n\n\n\n<p class=\"has-text-align-center\"><strong><a href=\"https:\/\/chat.whatsapp.com\/KWkTmakY3I05kNdd2oZl6d\"><em>\u00daNETE A NUESTRO GRUPO DE WHATSAPP PARA ESTAR INFORMADO<\/em><\/a><\/strong><\/p>\n\n\n\n<p class=\"has-text-align-center\"><em><strong><em><strong><em><strong><em><strong><a href=\"https:\/\/t.me\/esreviral\">\u00daNETE A NUESTRO CANAL DE TELEGRAM PARA ESTAR INFORMADO<\/a><\/strong><\/em><\/strong><\/em><\/strong><\/em><\/strong><\/em><\/p>\n\n\n\n<p class=\"has-text-align-right\"><strong><em>Con Informaci\u00f3n de diarioversionfinal.com.-<\/em><\/strong><\/p>\n","protected":false},"excerpt":{"rendered":"<p>El peque\u00f1o present\u00f3 tambi\u00e9n un cuadro de desnutrici\u00f3n, al ser evaluado por m\u00e9dicos, tras ser remitido a un centro de salud, luego de la aprehensi\u00f3n de su padre y madrastra. Estas personas ser\u00e1n imputadas por trato cruel agravado y continuado<\/p>\n","protected":false},"author":3,"featured_media":75483,"comment_status":"closed","ping_status":"closed","sticky":false,"template":"","format":"standard","meta":{"jnews-multi-image_gallery":[],"jnews_single_post":{"format":"standard"},"jnews_primary_category":[],"jnews_social_meta":[],"jnews_review":[],"enable_review":"","type":"","name":"","summary":"","brand":"","sku":"","good":[],"bad":[],"score_override":"","override_value":"","rating":[],"price":[],"jnews_override_counter":[],"jnews_post_split":[],"footnotes":""},"categories":[64,66],"tags":[31641,14249,1341,3277,45,1253,56],"class_list":["post-75482","post","type-post","status-publish","format-standard","has-post-thumbnail","hentry","category-sucesos","category-venezuela","tag-cuadro-de-desnutricion","tag-estado-barinas","tag-maltrato","tag-maltrato-infantil","tag-noticias","tag-tarek-william-saab","tag-venezuela"],"amp_enabled":true,"_links":{"self":[{"href":"https:\/\/esreviral.com\/index.php?rest_route=\/wp\/v2\/posts\/75482"}],"collection":[{"href":"https:\/\/esreviral.com\/index.php?rest_route=\/wp\/v2\/posts"}],"about":[{"href":"https:\/\/esreviral.com\/index.php?rest_route=\/wp\/v2\/types\/post"}],"author":[{"embeddable":true,"href":"https:\/\/esreviral.com\/index.php?rest_route=\/wp\/v2\/users\/3"}],"replies":[{"embeddable":true,"href":"https:\/\/esreviral.com\/index.php?rest_route=%2Fwp%2Fv2%2Fcomments&post=75482"}],"version-history":[{"count":1,"href":"https:\/\/esreviral.com\/index.php?rest_route=\/wp\/v2\/posts\/75482\/revisions"}],"predecessor-version":[{"id":75484,"href":"https:\/\/esreviral.com\/index.php?rest_route=\/wp\/v2\/posts\/75482\/revisions\/75484"}],"wp:featuredmedia":[{"embeddable":true,"href":"https:\/\/esreviral.com\/index.php?rest_route=\/wp\/v2\/media\/75483"}],"wp:attachment":[{"href":"https:\/\/esreviral.com\/index.php?rest_route=%2Fwp%2Fv2%2Fmedia&parent=75482"}],"wp:term":[{"taxonomy":"category","embeddable":true,"href":"https:\/\/esreviral.com\/index.php?rest_route=%2Fwp%2Fv2%2Fcategories&post=75482"},{"taxonomy":"post_tag","embeddable":true,"href":"https:\/\/esreviral.com\/index.php?rest_route=%2Fwp%2Fv2%2Ftags&post=75482"}],"curies":[{"name":"wp","href":"https:\/\/api.w.org\/{rel}","templated":true}]}}