{"id":75476,"date":"2025-06-16T08:34:43","date_gmt":"2025-06-16T13:34:43","guid":{"rendered":"https:\/\/esreviral.com\/?p=75476"},"modified":"2025-06-16T08:34:44","modified_gmt":"2025-06-16T13:34:44","slug":"detenido-el-sospechoso-de-los-ataques-contra-dos-congresistas-en-estados-unidos","status":"publish","type":"post","link":"https:\/\/esreviral.com\/?p=75476","title":{"rendered":"Detenido el sospechoso de los ataques contra dos congresistas en Estados Unidos"},"content":{"rendered":"\n<p>La Polic\u00eda de Minnesota detuvo este domingo a <strong>Vance Luther Boelter<\/strong>, de 57 a\u00f1os de edad, se\u00f1alado como el principal sospechoso del ataque armado <strong>que termin\u00f3 con la vida de la legisladora estatal dem\u00f3crata Melissa Hortman y su esposo, Mark.<\/strong> La captura fue confirmada por varios medios estadounidenses, entre ellos CBS News.<\/p>\n\n\n\n<p>Boelter era intensamente buscado desde el s\u00e1bado, tras el atentado que tambi\u00e9n dej\u00f3 heridos al senador estatal John Hoffman y a su esposa, Yvette, quienes lograron sobrevivir al tiroteo ocurrido con pocas horas de diferencia.<\/p>\n\n\n\n<p class=\"has-text-align-center\"><strong><a href=\"https:\/\/chat.whatsapp.com\/KWkTmakY3I05kNdd2oZl6d\"><em>\u00daNETE A NUESTRO GRUPO DE WHATSAPP PARA ESTAR INFORMADO<\/em><\/a><\/strong><\/p>\n\n\n\n<p>La oficina del sheriff del condado de Ramsey comparti\u00f3 una fotograf\u00eda del detenido en sus redes sociales y escribi\u00f3: \u201cEl rostro del mal. Tras un trabajo policial incansable y decidido, el asesino se encuentra ahora bajo custodia\u201d.<\/p>\n\n\n\n<p>Seg\u00fan reportes de medios como <em>The New York Times<\/em>, el atacante habr\u00eda estado disfrazado de oficial de polic\u00eda y conduc\u00eda un veh\u00edculo que simulaba ser patrullero, equipado con luces de emergencia intermitentes, lo que le permiti\u00f3 acercarse a sus v\u00edctimas sin levantar sospechas.<\/p>\n\n\n\n<p>Boelter enfrenta por ahora dos cargos estatales por asesinato en segundo grado \u2014una figura legal que contempla penas de hasta 40 a\u00f1os de prisi\u00f3n\u2014 y otros por intento de asesinato en segundo grado. Sin embargo, los fiscales a\u00fan eval\u00faan modificar o ampliar la acusaci\u00f3n, e incluso podr\u00edan intervenir autoridades federales con cargos adicionales.<\/p>\n\n\n\n<p>Amigos del sospechoso, como David Carlson, declararon que Boelter atravesaba una crisis personal marcada por problemas econ\u00f3micos y de salud mental. \u201cSimplemente se dio por vencido en la vida por alguna raz\u00f3n\u201d, expres\u00f3 Carlson a la prensa el s\u00e1bado por la noche. Tambi\u00e9n asegur\u00f3 que Boelter simpatizaba con el expresidente Donald Trump y se opon\u00eda firmemente a derechos como el aborto y las demandas de la comunidad LGBT.<\/p>\n\n\n\n<p class=\"has-text-align-center\"><em><strong><em><strong><em><strong><em><strong><a href=\"https:\/\/t.me\/esreviral\">\u00daNETE A NUESTRO CANAL DE TELEGRAM PARA ESTAR INFORMADO<\/a><\/strong><\/em><\/strong><\/em><\/strong><\/em><\/strong><\/em><\/p>\n\n\n\n<p>La investigaci\u00f3n contin\u00faa en curso, mientras las autoridades analizan los motivos detr\u00e1s del ataque y no descartan que pueda tratarse de un crimen de tinte pol\u00edtico.<\/p>\n\n\n\n<p class=\"has-text-align-right\"><strong><em>Con Informaci\u00f3n de diarioversionfinal.com.-<\/em><\/strong><\/p>\n","protected":false},"excerpt":{"rendered":"<p>Los investigadores afirman que Boelter estaba disfrazado de polic\u00eda cuando perpetr\u00f3 los ataques. El sospechoso est\u00e1 por el momento acusado de dos cargos estatales de asesinato en segundo grado. Los fiscales federales pueden presentar sus propias acusaciones por delitos federales<\/p>\n","protected":false},"author":3,"featured_media":75477,"comment_status":"closed","ping_status":"closed","sticky":false,"template":"","format":"standard","meta":{"jnews-multi-image_gallery":[],"jnews_single_post":{"format":"standard"},"jnews_primary_category":[],"jnews_social_meta":[],"jnews_review":[],"enable_review":"","type":"","name":"","summary":"","brand":"","sku":"","good":[],"bad":[],"score_override":"","override_value":"","rating":[],"price":[],"jnews_override_counter":[],"jnews_post_split":[],"footnotes":""},"categories":[88],"tags":[31633,136,31624,45,31634,31635],"class_list":["post-75476","post","type-post","status-publish","format-standard","has-post-thumbnail","hentry","category-internacionales","tag-atentado-politico","tag-estados-unidos","tag-minnesota","tag-noticias","tag-vance-boelter","tag-vance-luther-boelter"],"amp_enabled":true,"_links":{"self":[{"href":"https:\/\/esreviral.com\/index.php?rest_route=\/wp\/v2\/posts\/75476"}],"collection":[{"href":"https:\/\/esreviral.com\/index.php?rest_route=\/wp\/v2\/posts"}],"about":[{"href":"https:\/\/esreviral.com\/index.php?rest_route=\/wp\/v2\/types\/post"}],"author":[{"embeddable":true,"href":"https:\/\/esreviral.com\/index.php?rest_route=\/wp\/v2\/users\/3"}],"replies":[{"embeddable":true,"href":"https:\/\/esreviral.com\/index.php?rest_route=%2Fwp%2Fv2%2Fcomments&post=75476"}],"version-history":[{"count":1,"href":"https:\/\/esreviral.com\/index.php?rest_route=\/wp\/v2\/posts\/75476\/revisions"}],"predecessor-version":[{"id":75478,"href":"https:\/\/esreviral.com\/index.php?rest_route=\/wp\/v2\/posts\/75476\/revisions\/75478"}],"wp:featuredmedia":[{"embeddable":true,"href":"https:\/\/esreviral.com\/index.php?rest_route=\/wp\/v2\/media\/75477"}],"wp:attachment":[{"href":"https:\/\/esreviral.com\/index.php?rest_route=%2Fwp%2Fv2%2Fmedia&parent=75476"}],"wp:term":[{"taxonomy":"category","embeddable":true,"href":"https:\/\/esreviral.com\/index.php?rest_route=%2Fwp%2Fv2%2Fcategories&post=75476"},{"taxonomy":"post_tag","embeddable":true,"href":"https:\/\/esreviral.com\/index.php?rest_route=%2Fwp%2Fv2%2Ftags&post=75476"}],"curies":[{"name":"wp","href":"https:\/\/api.w.org\/{rel}","templated":true}]}}