{"id":75470,"date":"2025-06-16T08:01:47","date_gmt":"2025-06-16T13:01:47","guid":{"rendered":"https:\/\/esreviral.com\/?p=75470"},"modified":"2025-06-16T08:06:31","modified_gmt":"2025-06-16T13:06:31","slug":"el-gobierno-argentino-adviertio-que-grupos-violentos-iran-a-los-tribunales-e-insistio-en-que-detengan-a-cristina-en-su-casa","status":"publish","type":"post","link":"https:\/\/esreviral.com\/?p=75470","title":{"rendered":"El Gobierno argentino advirti\u00f3 que grupos violentos ir\u00e1n a los tribunales e insisti\u00f3 en que detengan a Cristina en su casa"},"content":{"rendered":"\n<p><strong>La movilizaci\u00f3n convocada para este mi\u00e9rcoles hacia los tribunales de Comodoro Py, en respaldo a Cristina Fern\u00e1ndez de Kirchner,<\/strong> genera preocupaci\u00f3n en el Gobierno nacional Argentino. No se trata solo del acompa\u00f1amiento a la exmandataria \u2014<strong><a href=\"https:\/\/esreviral.com\/?p=75111\" data-type=\"link\" data-id=\"https:\/\/esreviral.com\/?p=75111\">condenada a seis a\u00f1os de prisi\u00f3n e inhabilitaci\u00f3n perpetua para ejercer cargos p\u00fablicos en el marco de la causa Vialidad<\/a><\/strong>\u2014, sino de la forma en que se organiza la convocatoria y su impacto en el operativo de seguridad.<\/p>\n\n\n\n<p>La principal inquietud en la Casa Rosada radica en c\u00f3mo se desarrollar\u00e1 la jornada, especialmente en t\u00e9rminos de seguridad. La Polic\u00eda Federal y la <strong>Polic\u00eda de la Ciudad deber\u00e1n coordinar un operativo conjunto para prevenir disturbios,<\/strong> considerando que, adem\u00e1s de la <strong>militancia kirchnerista<\/strong>, se espera la presencia de agrupaciones de izquierda y sectores anarquistas que suelen protagonizar incidentes durante las marchas de los mi\u00e9rcoles por los jubilados.<\/p>\n\n\n\n<p class=\"has-text-align-center\"><strong><a href=\"https:\/\/chat.whatsapp.com\/KWkTmakY3I05kNdd2oZl6d\"><em>\u00daNETE A NUESTRO GRUPO DE WHATSAPP PARA ESTAR INFORMADO<\/em><\/a><\/strong><\/p>\n\n\n\n<p>En el oficialismo, no obstante, hay expectativa de que la Justicia opte por un camino m\u00e1s pragm\u00e1tico y decida notificar a Cristina Kirchner directamente en su domicilio de San Jos\u00e9 1111, en Constituci\u00f3n, donde pretende cumplir su eventual prisi\u00f3n domiciliaria.<\/p>\n\n\n\n<p>\u201c<strong><em>\u00bfQu\u00e9 sentido tiene trasladarla hasta Comodoro Py y luego volverla a llevar a su casa si est\u00e1 dispuesta a presentarse?\u201d<\/em><\/strong>, cuestionan en el entorno presidencial, se\u00f1alando adem\u00e1s la presunta desorganizaci\u00f3n del Poder Judicial, al que califican de operar de forma <strong><em>\u201cbastante ca\u00f3tica\u201d.<\/em><\/strong><\/p>\n\n\n\n<p>Una postura similar comparten desde el kirchnerismo, donde tambi\u00e9n consideran innecesario que la expresidenta se traslade a los tribunales de Retiro. Seg\u00fan el cronograma judicial, Cristina tiene plazo hasta el jueves a las 9:30 para presentarse ante el tribunal que la conden\u00f3. El resto de los ocho imputados \u2014varios residentes en Santa Cruz\u2014 se espera que lo hagan entre martes y mi\u00e9rcoles.<\/p>\n\n\n\n<p>Desde el entorno de Cristina a\u00fan no se comunic\u00f3 oficialmente a qu\u00e9 hora podr\u00eda dirigirse a Comodoro Py, aunque en el Gobierno dan por hecho que la movilizaci\u00f3n arrancar\u00e1 temprano el mi\u00e9rcoles desde su domicilio en Constituci\u00f3n. All\u00ed se congregar\u00e1n militantes que planean acompa\u00f1arla durante todo el trayecto, posiblemente por la avenida 9 de Julio, hasta llegar a los tribunales en Retiro.<\/p>\n\n\n\n<p><strong><em>\u201cLa convocatoria ser\u00e1 masiva y estamos atentos para ver c\u00f3mo se desarrolla<\/em><\/strong>\u201d, afirman fuentes del dispositivo de seguridad, que temen posibles actos de vandalismo durante el recorrido. Por ahora, la Polic\u00eda Federal prev\u00e9 apostarse directamente en la zona de Comodoro Py, mientras que la custodia en Constituci\u00f3n y alrededores continuar\u00e1 a cargo de las fuerzas locales.<\/p>\n\n\n\n<p>El operativo de seguridad ser\u00e1 delineado este lunes en una reuni\u00f3n interna del Ministerio correspondiente. Desde el Gobierno buscan evitar involucrarse en una cuesti\u00f3n que consideran estrictamente judicial, aunque reconocen la relevancia pol\u00edtica del caso y la figura de la exmandataria.<\/p>\n\n\n\n<p>El jefe de Gabinete, Guillermo Francos, expres\u00f3 p\u00fablicamente la postura oficial: <strong><em>\u201cPor muchas razones corresponder\u00eda que le otorguen el beneficio de la prisi\u00f3n domiciliaria\u201d<\/em><\/strong>, se\u00f1al\u00f3 en una entrevista radial, en l\u00ednea con lo que piensan muchos dentro del Ejecutivo.<\/p>\n\n\n\n<p class=\"has-text-align-center\"><em><strong><em><strong><em><strong><em><strong><a href=\"https:\/\/t.me\/esreviral\">\u00daNETE A NUESTRO CANAL DE TELEGRAM PARA ESTAR INFORMADO<\/a><\/strong><\/em><\/strong><\/em><\/strong><\/em><\/strong><\/em><\/p>\n\n\n\n<p><strong><em>\u201cNo hay motivo para neg\u00e1rsela. Tiene m\u00e1s de 70 a\u00f1os de edad, fue presidenta. \u00bfQu\u00e9 va a hacer, escaparse?\u201d,<\/em><\/strong> razonan en la Casa Rosada, mientras se aguarda la definici\u00f3n judicial y se preparan para una jornada que podr\u00eda ser tan tensa como simb\u00f3lica.<\/p>\n\n\n\n<p class=\"has-text-align-right\"><strong><em>Con Informaci\u00f3n de Clarin.-<\/em><\/strong><\/p>\n","protected":false},"excerpt":{"rendered":"<p>Creen que podr\u00eda haber incidentes este mi\u00e9rcoles, cuando Cristina deba ir a los tribunales de Comodoro Py. Prefieren que se la notifique en su casa.<\/p>\n","protected":false},"author":3,"featured_media":75471,"comment_status":"closed","ping_status":"closed","sticky":false,"template":"","format":"standard","meta":{"jnews-multi-image_gallery":[],"jnews_single_post":{"format":"standard"},"jnews_primary_category":[],"jnews_social_meta":[],"jnews_review":[],"enable_review":"","type":"","name":"","summary":"","brand":"","sku":"","good":[],"bad":[],"score_override":"","override_value":"","rating":[],"price":[],"jnews_override_counter":[],"jnews_post_split":[],"footnotes":""},"categories":[58,59],"tags":[44,5686,102,31632,45],"class_list":["post-75470","post","type-post","status-publish","format-standard","has-post-thumbnail","hentry","category-argentina","category-politica","tag-argentina","tag-comodoro-py","tag-marcha","tag-militancia-kirchnerista","tag-noticias"],"amp_enabled":true,"_links":{"self":[{"href":"https:\/\/esreviral.com\/index.php?rest_route=\/wp\/v2\/posts\/75470"}],"collection":[{"href":"https:\/\/esreviral.com\/index.php?rest_route=\/wp\/v2\/posts"}],"about":[{"href":"https:\/\/esreviral.com\/index.php?rest_route=\/wp\/v2\/types\/post"}],"author":[{"embeddable":true,"href":"https:\/\/esreviral.com\/index.php?rest_route=\/wp\/v2\/users\/3"}],"replies":[{"embeddable":true,"href":"https:\/\/esreviral.com\/index.php?rest_route=%2Fwp%2Fv2%2Fcomments&post=75470"}],"version-history":[{"count":2,"href":"https:\/\/esreviral.com\/index.php?rest_route=\/wp\/v2\/posts\/75470\/revisions"}],"predecessor-version":[{"id":75473,"href":"https:\/\/esreviral.com\/index.php?rest_route=\/wp\/v2\/posts\/75470\/revisions\/75473"}],"wp:featuredmedia":[{"embeddable":true,"href":"https:\/\/esreviral.com\/index.php?rest_route=\/wp\/v2\/media\/75471"}],"wp:attachment":[{"href":"https:\/\/esreviral.com\/index.php?rest_route=%2Fwp%2Fv2%2Fmedia&parent=75470"}],"wp:term":[{"taxonomy":"category","embeddable":true,"href":"https:\/\/esreviral.com\/index.php?rest_route=%2Fwp%2Fv2%2Fcategories&post=75470"},{"taxonomy":"post_tag","embeddable":true,"href":"https:\/\/esreviral.com\/index.php?rest_route=%2Fwp%2Fv2%2Ftags&post=75470"}],"curies":[{"name":"wp","href":"https:\/\/api.w.org\/{rel}","templated":true}]}}