{"id":75443,"date":"2025-06-14T09:53:36","date_gmt":"2025-06-14T14:53:36","guid":{"rendered":"https:\/\/esreviral.com\/?p=75443"},"modified":"2025-06-14T11:00:01","modified_gmt":"2025-06-14T16:00:01","slug":"identificaron-a-tres-de-los-venezolanos-fallecidos-de-la-tragedia-en-neuquen","status":"publish","type":"post","link":"https:\/\/esreviral.com\/?p=75443","title":{"rendered":"Identificaron a tres de los venezolanos  fallecidos de la tragedia en Neuqu\u00e9n"},"content":{"rendered":"\n<p>Arthuro Jim\u00e9nez, padre de la venezolana que falleci\u00f3 junto a sus dos hijos en un tr\u00e1gico incendio ocurrido en Neuqu\u00e9n, identific\u00f3 a sus familiares. <\/p>\n\n\n\n<p class=\"has-text-align-center\"><strong><a href=\"https:\/\/chat.whatsapp.com\/KWkTmakY3I05kNdd2oZl6d\"><em>\u00daNETE A NUESTRO GRUPO DE WHATSAPP PARA ESTAR INFORMADO<\/em><\/a><\/strong><\/p>\n\n\n\n<p>Ella se llamaba Mariaglys Nathaly Jim\u00e9nez, de 24 a\u00f1os de edad, mientras que su primog\u00e9nito era El\u00edas de ocho a\u00f1os de edad y el reci\u00e9n nacido respond\u00eda en vida al nombre de Elian. <\/p>\n\n\n\n<p class=\"has-text-align-center\"><em><strong><em><strong><em><strong><em><strong><a href=\"https:\/\/t.me\/esreviral\">\u00daNETE A NUESTRO CANAL DE TELEGRAM PARA ESTAR INFORMADO<\/a><\/strong><\/em><\/strong><\/em><\/strong><\/em><\/strong><\/em><\/p>\n\n\n\n<p>En sus redes sociales, Arthuro pidi\u00f3 ayuda e informaci\u00f3n porque desconoc\u00eda exactamente, lo ocurrido. Claramente consternado por lo ocurrido y en medio de las l\u00e1grimas, explic\u00f3 que su hija se hab\u00eda venido a Argentina en b\u00fasqueda de un mejor futuro y que no sab\u00eda que hacer en estos casos. <\/p>\n\n\n\n<p class=\"has-text-align-center\">Lea tambi\u00e9n: <strong><a href=\"https:\/\/esreviral.com\/?p=75410\">Tragedia en Argentina: Familia venezolana muri\u00f3 incendiada y a\u00fan buscan a un beb\u00e9<\/a><\/strong><\/p>\n\n\n\n<blockquote class=\"twitter-tweet\" data-media-max-width=\"560\"><p lang=\"es\" dir=\"ltr\">Arthuro Jim\u00e9nez, padre y abuelo de los venezolanos en un incendio en Neuqu\u00e9n pidi\u00f3 ayuda <a href=\"https:\/\/t.co\/k3MpM4P4r3\">pic.twitter.com\/k3MpM4P4r3<\/a><\/p>&mdash; ES RE VIRAL (@esreviral) <a href=\"https:\/\/twitter.com\/esreviral\/status\/1933900238185476597?ref_src=twsrc%5Etfw\">June 14, 2025<\/a><\/blockquote> <script async src=\"https:\/\/platform.twitter.com\/widgets.js\" charset=\"utf-8\"><\/script>\n","protected":false},"excerpt":{"rendered":"<p>Arthuro Jim\u00e9nez, padre de la venezolana que falleci\u00f3 junto a sus dos hijos en un tr\u00e1gico incendio ocurrido en Neuqu\u00e9n, identific\u00f3 a sus familiares. \u00daNETE A NUESTRO GRUPO DE WHATSAPP PARA ESTAR INFORMADO Ella se llamaba Mariaglys Nathaly Jim\u00e9nez, de 24 a\u00f1os de edad, mientras que su primog\u00e9nito era El\u00edas de ocho a\u00f1os de edad [&hellip;]<\/p>\n","protected":false},"author":2,"featured_media":75412,"comment_status":"closed","ping_status":"closed","sticky":false,"template":"","format":"standard","meta":{"jnews-multi-image_gallery":[],"jnews_single_post":{"format":"standard"},"jnews_primary_category":[],"jnews_social_meta":[],"jnews_review":[],"enable_review":"","type":"","name":"","summary":"","brand":"","sku":"","good":[],"bad":[],"score_override":"","override_value":"","rating":[],"price":[],"jnews_override_counter":[],"jnews_post_split":[],"footnotes":""},"categories":[64,5892],"tags":[45,67,31610],"class_list":["post-75443","post","type-post","status-publish","format-standard","has-post-thumbnail","hentry","category-sucesos","category-venezolanos-en-argentina","tag-noticias","tag-venezolanos-en-argentina","tag-venezolanos-en-neuquen-2"],"amp_enabled":true,"_links":{"self":[{"href":"https:\/\/esreviral.com\/index.php?rest_route=\/wp\/v2\/posts\/75443"}],"collection":[{"href":"https:\/\/esreviral.com\/index.php?rest_route=\/wp\/v2\/posts"}],"about":[{"href":"https:\/\/esreviral.com\/index.php?rest_route=\/wp\/v2\/types\/post"}],"author":[{"embeddable":true,"href":"https:\/\/esreviral.com\/index.php?rest_route=\/wp\/v2\/users\/2"}],"replies":[{"embeddable":true,"href":"https:\/\/esreviral.com\/index.php?rest_route=%2Fwp%2Fv2%2Fcomments&post=75443"}],"version-history":[{"count":2,"href":"https:\/\/esreviral.com\/index.php?rest_route=\/wp\/v2\/posts\/75443\/revisions"}],"predecessor-version":[{"id":75446,"href":"https:\/\/esreviral.com\/index.php?rest_route=\/wp\/v2\/posts\/75443\/revisions\/75446"}],"wp:featuredmedia":[{"embeddable":true,"href":"https:\/\/esreviral.com\/index.php?rest_route=\/wp\/v2\/media\/75412"}],"wp:attachment":[{"href":"https:\/\/esreviral.com\/index.php?rest_route=%2Fwp%2Fv2%2Fmedia&parent=75443"}],"wp:term":[{"taxonomy":"category","embeddable":true,"href":"https:\/\/esreviral.com\/index.php?rest_route=%2Fwp%2Fv2%2Fcategories&post=75443"},{"taxonomy":"post_tag","embeddable":true,"href":"https:\/\/esreviral.com\/index.php?rest_route=%2Fwp%2Fv2%2Ftags&post=75443"}],"curies":[{"name":"wp","href":"https:\/\/api.w.org\/{rel}","templated":true}]}}