{"id":75440,"date":"2025-06-14T09:26:39","date_gmt":"2025-06-14T14:26:39","guid":{"rendered":"https:\/\/esreviral.com\/?p=75440"},"modified":"2025-06-14T09:26:40","modified_gmt":"2025-06-14T14:26:40","slug":"vivir-con-miedo-constante-el-duro-mensaje-de-shakira-sobre-ser-migrante-en-estados-unidos","status":"publish","type":"post","link":"https:\/\/esreviral.com\/?p=75440","title":{"rendered":"\u00abVivir con miedo constante\u00bb: El duro mensaje de Shakira sobre ser migrante en Estados Unidos"},"content":{"rendered":"\n<p>La reconocida<strong> cantante colombiana<\/strong> <strong>Shakira<\/strong> se pronunci\u00f3 sobre la dif\u00edcil situaci\u00f3n que enfrentan los <strong>migrantes en Estados Unidos,<\/strong> subrayando el miedo y la incertidumbre con los que muchas personas viven a diario.<\/p>\n\n\n\n<p class=\"has-text-align-center\"><strong><a href=\"https:\/\/chat.whatsapp.com\/KWkTmakY3I05kNdd2oZl6d\"><em>\u00daNETE A NUESTRO GRUPO DE WHATSAPP PARA ESTAR INFORMADO<\/em><\/a><\/strong><\/p>\n\n\n\n<p>\u201c<strong><em>Significa vivir con miedo constante<\/em><\/strong>\u201d, expres\u00f3 en una entrevista con la BBC. \u201c<strong><em>Es doloroso verlo<\/em><\/strong>\u201d, a\u00f1adi\u00f3.<\/p>\n\n\n\n<p>Durante su intervenci\u00f3n, la artista enfatiz\u00f3 la necesidad de que los migrantes sean tratados con equidad y respeto, recordando que \u201c<strong><em>las grandes y poderosas naciones del mundo se han forjado con el trabajo duro de los migrantes\u201d.<\/em><\/strong><\/p>\n\n\n\n<p>Shakira manifest\u00f3 su preocupaci\u00f3n por la falta de soluciones humanas a la crisis migratoria, no solo en Estados Unidos, sino tambi\u00e9n en otros pa\u00edses donde persisten desaf\u00edos similares.<\/p>\n\n\n\n<p>La tambi\u00e9n empresaria transmiti\u00f3 su mensaje en ingl\u00e9s y espa\u00f1ol, buscando llegar a su audiencia latinoamericana, que ha crecido con su m\u00fasica y se identifica con sus ra\u00edces y valores.<\/p>\n\n\n\n<p>Sus declaraciones resonaron en distintos sectores, reflejando una creciente preocupaci\u00f3n por la situaci\u00f3n de los migrantes y la urgencia de implementar pol\u00edticas m\u00e1s justas y humanitarias.<\/p>\n\n\n\n<p class=\"has-text-align-center\"><em><strong><em><strong><em><strong><em><strong><a href=\"https:\/\/t.me\/esreviral\">\u00daNETE A NUESTRO CANAL DE TELEGRAM PARA ESTAR INFORMADO<\/a><\/strong><\/em><\/strong><\/em><\/strong><\/em><\/strong><\/em><\/p>\n\n\n\n<p class=\"has-text-align-right\"><strong><em>Con Informaci\u00f3n de noticialdia.com.-<\/em><\/strong><\/p>\n","protected":false},"excerpt":{"rendered":"<p>La reconocida cantante colombiana Shakira se pronunci\u00f3 sobre la dif\u00edcil situaci\u00f3n que enfrentan los migrantes en Estados Unidos, subrayando el miedo y la incertidumbre con los que muchas personas viven a diario. \u00daNETE A NUESTRO GRUPO DE WHATSAPP PARA ESTAR INFORMADO \u201cSignifica vivir con miedo constante\u201d, expres\u00f3 en una entrevista con la BBC. \u201cEs doloroso [&hellip;]<\/p>\n","protected":false},"author":3,"featured_media":75421,"comment_status":"closed","ping_status":"closed","sticky":false,"template":"","format":"standard","meta":{"jnews-multi-image_gallery":[],"jnews_single_post":{"format":"standard"},"jnews_primary_category":[],"jnews_social_meta":[],"jnews_review":[],"enable_review":"","type":"","name":"","summary":"","brand":"","sku":"","good":[],"bad":[],"score_override":"","override_value":"","rating":[],"price":[],"jnews_override_counter":[],"jnews_post_split":[],"footnotes":""},"categories":[50],"tags":[8691,136,31603,45,537],"class_list":["post-75440","post","type-post","status-publish","format-standard","has-post-thumbnail","hentry","category-entretenimiento","tag-cantante-colombiana","tag-estados-unidos","tag-migrantes-en-estados-unidos","tag-noticias","tag-shakira"],"amp_enabled":true,"_links":{"self":[{"href":"https:\/\/esreviral.com\/index.php?rest_route=\/wp\/v2\/posts\/75440"}],"collection":[{"href":"https:\/\/esreviral.com\/index.php?rest_route=\/wp\/v2\/posts"}],"about":[{"href":"https:\/\/esreviral.com\/index.php?rest_route=\/wp\/v2\/types\/post"}],"author":[{"embeddable":true,"href":"https:\/\/esreviral.com\/index.php?rest_route=\/wp\/v2\/users\/3"}],"replies":[{"embeddable":true,"href":"https:\/\/esreviral.com\/index.php?rest_route=%2Fwp%2Fv2%2Fcomments&post=75440"}],"version-history":[{"count":1,"href":"https:\/\/esreviral.com\/index.php?rest_route=\/wp\/v2\/posts\/75440\/revisions"}],"predecessor-version":[{"id":75441,"href":"https:\/\/esreviral.com\/index.php?rest_route=\/wp\/v2\/posts\/75440\/revisions\/75441"}],"wp:featuredmedia":[{"embeddable":true,"href":"https:\/\/esreviral.com\/index.php?rest_route=\/wp\/v2\/media\/75421"}],"wp:attachment":[{"href":"https:\/\/esreviral.com\/index.php?rest_route=%2Fwp%2Fv2%2Fmedia&parent=75440"}],"wp:term":[{"taxonomy":"category","embeddable":true,"href":"https:\/\/esreviral.com\/index.php?rest_route=%2Fwp%2Fv2%2Fcategories&post=75440"},{"taxonomy":"post_tag","embeddable":true,"href":"https:\/\/esreviral.com\/index.php?rest_route=%2Fwp%2Fv2%2Ftags&post=75440"}],"curies":[{"name":"wp","href":"https:\/\/api.w.org\/{rel}","templated":true}]}}