{"id":7543,"date":"2021-06-14T13:33:48","date_gmt":"2021-06-14T16:33:48","guid":{"rendered":"http:\/\/esreviral.com\/?p=7543"},"modified":"2021-06-14T13:33:48","modified_gmt":"2021-06-14T16:33:48","slug":"jose-manuel-velazquez-se-sumo-a-la-vinotinto-para-jugar-la-copa-america","status":"publish","type":"post","link":"https:\/\/esreviral.com\/?p=7543","title":{"rendered":"Jos\u00e9 Manuel Vel\u00e1zquez se sum\u00f3 a La Vinotinto para jugar la Copa Am\u00e9rica"},"content":{"rendered":"\n<p><strong>Andre\u00edna Pacheco-.<\/strong> El defensor Jos\u00e9 Manuel Vel\u00e1zquez se sum\u00f3 este lunes a La Vinotinto para jugar la Copa Am\u00e9rica que se celebra en Brasil, donde permanecen aislados trece miembros de la delegaci\u00f3n venezolana por estar contagiados de covid-19, una situaci\u00f3n que provoc\u00f3 la convocatoria de 15 nuevos jugadores.<\/p>\n\n\n\n<p>\u00abEl defensor Jos\u00e9 Manuel Vel\u00e1zquez se sum\u00f3 este lunes en la madrugada a la concentraci\u00f3n\u00bb, dijo La Vinotinto en un bolet\u00edn publicado en su cuenta de la red social Twitter.<\/p>\n\n\n\n<figure class=\"wp-block-embed-twitter wp-block-embed is-type-rich is-provider-twitter\"><div class=\"wp-block-embed__wrapper\">\n<blockquote class=\"twitter-tweet\" data-width=\"500\" data-dnt=\"true\"><p lang=\"es\" dir=\"ltr\">\ud83d\udcc4 Novedades<a href=\"https:\/\/twitter.com\/hashtag\/VibraElContinente?src=hash&amp;ref_src=twsrc%5Etfw\">#VibraElContinente<\/a> | <a href=\"https:\/\/twitter.com\/hashtag\/VibraOContinente?src=hash&amp;ref_src=twsrc%5Etfw\">#VibraOContinente<\/a><a href=\"https:\/\/twitter.com\/hashtag\/Vinotinto?src=hash&amp;ref_src=twsrc%5Etfw\">#Vinotinto<\/a> <a href=\"https:\/\/t.co\/n8EyR4xUs5\">pic.twitter.com\/n8EyR4xUs5<\/a><\/p>&mdash; La Vinotinto (@SeleVinotinto) <a href=\"https:\/\/twitter.com\/SeleVinotinto\/status\/1404413732411920384?ref_src=twsrc%5Etfw\">June 14, 2021<\/a><\/blockquote><script async src=\"https:\/\/platform.twitter.com\/widgets.js\" charset=\"utf-8\"><\/script>\n<\/div><\/figure>\n\n\n\n<p>Adem\u00e1s anunciaron que la selecci\u00f3n nacional viajar\u00eda en horas de la ma\u00f1ana de este lunes a Goiania y en horas de la tarde realizar\u00eda su primer entrenamiento.<\/p>\n\n\n\n<p>Los miembros de la delegaci\u00f3n que se encuentran con Covid-19 se mantendr\u00e1n en aislamiento en la capital brasile\u00f1a Brasilia. Donde cuentan con asistencia m\u00e9dica. Adem\u00e1s, s conoci\u00f3 que tres futbolistas se mantienen con s\u00edntomas. El resto son asintom\u00e1ticos.<\/p>\n","protected":false},"excerpt":{"rendered":"<p>El defensor Jos\u00e9 Manuel Vel\u00e1zquez se sum\u00f3 este lunes a La Vinotinto para jugar la Copa Am\u00e9rica que se celebra en Brasil, donde permanecen aislados trece miembros de la delegaci\u00f3n venezolana por estar contagiados de covid-19, una situaci\u00f3n que provoc\u00f3 la convocatoria de 15 nuevos jugadores.<\/p>\n","protected":false},"author":2,"featured_media":7544,"comment_status":"open","ping_status":"open","sticky":false,"template":"","format":"standard","meta":{"jnews-multi-image_gallery":[],"jnews_single_post":[],"jnews_primary_category":[],"jnews_social_meta":[],"jnews_review":[],"enable_review":"","type":"","name":"","summary":"","brand":"","sku":"","good":[],"bad":[],"score_override":"","override_value":"","rating":[],"price":[],"jnews_override_counter":[],"jnews_post_split":[],"footnotes":""},"categories":[48],"tags":[589,146],"class_list":["post-7543","post","type-post","status-publish","format-standard","has-post-thumbnail","hentry","category-deportes","tag-copa-america","tag-la-vinotinto"],"amp_enabled":true,"_links":{"self":[{"href":"https:\/\/esreviral.com\/index.php?rest_route=\/wp\/v2\/posts\/7543"}],"collection":[{"href":"https:\/\/esreviral.com\/index.php?rest_route=\/wp\/v2\/posts"}],"about":[{"href":"https:\/\/esreviral.com\/index.php?rest_route=\/wp\/v2\/types\/post"}],"author":[{"embeddable":true,"href":"https:\/\/esreviral.com\/index.php?rest_route=\/wp\/v2\/users\/2"}],"replies":[{"embeddable":true,"href":"https:\/\/esreviral.com\/index.php?rest_route=%2Fwp%2Fv2%2Fcomments&post=7543"}],"version-history":[{"count":0,"href":"https:\/\/esreviral.com\/index.php?rest_route=\/wp\/v2\/posts\/7543\/revisions"}],"wp:featuredmedia":[{"embeddable":true,"href":"https:\/\/esreviral.com\/index.php?rest_route=\/"}],"wp:attachment":[{"href":"https:\/\/esreviral.com\/index.php?rest_route=%2Fwp%2Fv2%2Fmedia&parent=7543"}],"wp:term":[{"taxonomy":"category","embeddable":true,"href":"https:\/\/esreviral.com\/index.php?rest_route=%2Fwp%2Fv2%2Fcategories&post=7543"},{"taxonomy":"post_tag","embeddable":true,"href":"https:\/\/esreviral.com\/index.php?rest_route=%2Fwp%2Fv2%2Ftags&post=7543"}],"curies":[{"name":"wp","href":"https:\/\/api.w.org\/{rel}","templated":true}]}}