{"id":75342,"date":"2025-06-13T07:32:06","date_gmt":"2025-06-13T12:32:06","guid":{"rendered":"https:\/\/esreviral.com\/?p=75342"},"modified":"2025-06-13T07:32:08","modified_gmt":"2025-06-13T12:32:08","slug":"argentina-refuerza-la-seguridad-en-la-embajada-de-israel-y-la-amia-tras-el-ataque-de-tel-aviv-a-iran","status":"publish","type":"post","link":"https:\/\/esreviral.com\/?p=75342","title":{"rendered":"Argentina refuerza la seguridad en la embajada de Israel y la AMIA tras el ataque de Tel Aviv a Ir\u00e1n"},"content":{"rendered":"\n<p>El Gobierno argentino <strong>reforz\u00f3 la seguridad en la embajada de Israel en Buenos Aires y en la sede de la AMIA<\/strong>, luego del <strong>\u201cataque preventivo\u201d lanzado por Tel Aviv contra instalaciones nucleares y objetivos militares en Ir\u00e1n<\/strong>.<\/p>\n\n\n\n<p>La medida se adopt\u00f3 tras la <strong>declaraci\u00f3n de emergencia nacional en Israel<\/strong> y la advertencia del gobierno de Benjamin Netanyahu sobre posibles represalias por parte de Ir\u00e1n. La operaci\u00f3n, denominada <strong>\u201cLe\u00f3n Ascendente\u201d<\/strong>, incluy\u00f3 bombardeos sobre m\u00e1s de un centenar de objetivos, incluida la capital Teher\u00e1n, y fue calificada por la Rep\u00fablica Isl\u00e1mica como <strong>\u201cuna declaraci\u00f3n de guerra\u201d<\/strong>.<\/p>\n\n\n\n<p class=\"has-text-align-center\"><strong><a href=\"https:\/\/chat.whatsapp.com\/KWkTmakY3I05kNdd2oZl6d\"><em>\u00daNETE A NUESTRO GRUPO DE WHATSAPP PARA ESTAR INFORMADO<\/em><\/a><\/strong><\/p>\n\n\n\n<p>Ir\u00e1n confirm\u00f3 la muerte de <strong>altos mandos militares<\/strong>, entre ellos el jefe de los Guardianes de la Revoluci\u00f3n, <strong>Hosein Salami<\/strong>; el comandante <strong>Gholam Ali Rashid<\/strong>; el jefe del Estado Mayor, <strong>Mohamed Bagheri<\/strong>; y <strong>seis cient\u00edficos nucleares<\/strong>, seg\u00fan reportes de la televisi\u00f3n estatal.<\/p>\n\n\n\n<p>El primer ministro israel\u00ed afirm\u00f3 que los ataques fueron \u201cexitosos\u201d y que continuar\u00e1n <strong>\u201ctantos d\u00edas como sea necesario\u201d<\/strong>. Por su parte, el ej\u00e9rcito iran\u00ed respondi\u00f3 con el lanzamiento de <strong>decenas de drones<\/strong> y advirti\u00f3 que <strong>\u201cno tendr\u00e1 l\u00edmites\u201d<\/strong> en su respuesta.<\/p>\n\n\n\n<p>Ante esta escalada, <strong>funcionarios del gobierno de Javier Milei<\/strong> siguen de cerca la evoluci\u00f3n del conflicto en Medio Oriente para evaluar si es necesario <strong>aumentar la protecci\u00f3n del personal diplom\u00e1tico argentino en Israel<\/strong> y extender las medidas a otras representaciones en la regi\u00f3n.<\/p>\n\n\n\n<h3 class=\"wp-block-heading\"><strong><mark style=\"background-color:rgba(0, 0, 0, 0)\" class=\"has-inline-color has-vivid-red-color\">Milei ya hab\u00eda salido de Israel<\/mark><\/strong><\/h3>\n\n\n\n<p>El presidente Javier Milei <strong>ya hab\u00eda abandonado Israel al momento del ataque<\/strong>. Hab\u00eda concluido su visita oficial y se encontraba a bordo del <strong>Boeing 757 ARG-01 rumbo a Madrid<\/strong> cuando el Ministerio de Defensa israel\u00ed anunci\u00f3 el inicio de la operaci\u00f3n militar.<\/p>\n\n\n\n<h3 class=\"wp-block-heading\"><strong><mark style=\"background-color:rgba(0, 0, 0, 0)\" class=\"has-inline-color has-vivid-red-color\">Contactos para asistencia consular<\/mark><\/strong><\/h3>\n\n\n\n<p>La Canciller\u00eda argentina difundi\u00f3 canales de contacto para ciudadanos que se encuentren en zonas de riesgo y necesiten asistencia consular:<\/p>\n\n\n\n<ul class=\"wp-block-list\">\n<li><strong>Correo general de emergencias para Medio Oriente:<\/strong><br>\ud83d\udce9 emergenciaorientemedio@mrecic.gov.ar<\/li>\n\n\n\n<li><strong>Consulado General en Tel Aviv:<\/strong><br>\ud83d\udcf1 +972 52 597 8359<br>\ud83d\udce9 cgtel@mrecic.gov.ar<\/li>\n\n\n\n<li><strong>Secci\u00f3n Consular en Teher\u00e1n:<\/strong><br>\ud83d\udcf1 +98 912 840 8434<br>\ud83d\udce9 eiran@mrecic.gov.ar<\/li>\n\n\n\n<li><strong>Secci\u00f3n Consular en Beirut:<\/strong><br>\ud83d\udcf1 +961 7189 7432<br>\ud83d\udce9 elbno@mrecic.gov.ar \/ libano@mrecic.gov.ar<\/li>\n\n\n\n<li><strong>Oficina de Representaci\u00f3n en Ramala:<\/strong><br>\ud83d\udcf1 +970 599 987 804<br>\ud83d\udce9 repal@mrecic.gov.ar<\/li>\n\n\n\n<li><strong>Secci\u00f3n Consular en Damasco (concurrencia en Jordania):<\/strong><br>\ud83d\udcf1 +963 933 884 050<br>\ud83d\udce9easir@mrecic.gov.ar \/ consular_easir@mrecic.gov.ar<\/li>\n<\/ul>\n\n\n\n<p><\/p>\n\n\n\n<p class=\"has-text-align-center\"><em><strong><em><strong><em><strong><em><strong><a href=\"https:\/\/t.me\/esreviral\">\u00daNETE A NUESTRO CANAL DE TELEGRAM PARA ESTAR INFORMADO<\/a><\/strong><\/em><\/strong><\/em><\/strong><\/em><\/strong><\/em><\/p>\n\n\n\n<p class=\"has-text-align-right\"><strong><em>Con Informaci\u00f3n de TN.-<\/em><\/strong><\/p>\n","protected":false},"excerpt":{"rendered":"<p>El Gobierno toma todas las medidas de precauci\u00f3n ante el conflicto en Medio Oriente.<\/p>\n","protected":false},"author":3,"featured_media":75343,"comment_status":"closed","ping_status":"closed","sticky":false,"template":"","format":"standard","meta":{"jnews-multi-image_gallery":[],"jnews_single_post":{"format":"standard"},"jnews_primary_category":[],"jnews_social_meta":[],"jnews_review":[],"enable_review":"","type":"","name":"","summary":"","brand":"","sku":"","good":[],"bad":[],"score_override":"","override_value":"","rating":[],"price":[],"jnews_override_counter":[],"jnews_post_split":[],"footnotes":""},"categories":[58,59],"tags":[3282,44,118,19304,837,1158,14890,45,13519],"class_list":["post-75342","post","type-post","status-publish","format-standard","has-post-thumbnail","hentry","category-argentina","category-politica","tag-amia","tag-argentina","tag-embajada","tag-embajada-de-israel","tag-guerra","tag-javier-milei","tag-medio-oriente","tag-noticias","tag-tel-aviv"],"amp_enabled":true,"_links":{"self":[{"href":"https:\/\/esreviral.com\/index.php?rest_route=\/wp\/v2\/posts\/75342"}],"collection":[{"href":"https:\/\/esreviral.com\/index.php?rest_route=\/wp\/v2\/posts"}],"about":[{"href":"https:\/\/esreviral.com\/index.php?rest_route=\/wp\/v2\/types\/post"}],"author":[{"embeddable":true,"href":"https:\/\/esreviral.com\/index.php?rest_route=\/wp\/v2\/users\/3"}],"replies":[{"embeddable":true,"href":"https:\/\/esreviral.com\/index.php?rest_route=%2Fwp%2Fv2%2Fcomments&post=75342"}],"version-history":[{"count":1,"href":"https:\/\/esreviral.com\/index.php?rest_route=\/wp\/v2\/posts\/75342\/revisions"}],"predecessor-version":[{"id":75344,"href":"https:\/\/esreviral.com\/index.php?rest_route=\/wp\/v2\/posts\/75342\/revisions\/75344"}],"wp:featuredmedia":[{"embeddable":true,"href":"https:\/\/esreviral.com\/index.php?rest_route=\/wp\/v2\/media\/75343"}],"wp:attachment":[{"href":"https:\/\/esreviral.com\/index.php?rest_route=%2Fwp%2Fv2%2Fmedia&parent=75342"}],"wp:term":[{"taxonomy":"category","embeddable":true,"href":"https:\/\/esreviral.com\/index.php?rest_route=%2Fwp%2Fv2%2Fcategories&post=75342"},{"taxonomy":"post_tag","embeddable":true,"href":"https:\/\/esreviral.com\/index.php?rest_route=%2Fwp%2Fv2%2Ftags&post=75342"}],"curies":[{"name":"wp","href":"https:\/\/api.w.org\/{rel}","templated":true}]}}