{"id":75303,"date":"2025-06-12T13:03:34","date_gmt":"2025-06-12T18:03:34","guid":{"rendered":"https:\/\/esreviral.com\/?p=75303"},"modified":"2025-06-12T13:03:35","modified_gmt":"2025-06-12T18:03:35","slug":"fallecio-el-periodista-y-exdirectivo-de-rctv-eduardo-sapene","status":"publish","type":"post","link":"https:\/\/esreviral.com\/?p=75303","title":{"rendered":"Falleci\u00f3 el periodista y exdirectivo de RCTV, Eduardo Sapene"},"content":{"rendered":"\n<p><strong>El reconocido periodista venezolano Eduardo Sapene, exvicepresidente de Informaci\u00f3n y Opini\u00f3n de Radio Caracas Televisi\u00f3n (RCTV), falleci\u00f3 la madrugada de este jueves en Miami, Estados Unidos.<\/strong><\/p>\n\n\n\n<p>La noticia fue confirmada por el periodista Orian Brito, quien inform\u00f3 que Sapene muri\u00f3 en el hospital Jackson West Medical Center, ubicado en el Doral. \u201cEs una pena informar el fallecimiento de Eduardo Sapene, un se\u00f1or estupendo que form\u00f3 a generaciones de periodistas en RCTV. Tuve el placer de conocerlo y compartir con \u00e9l aqu\u00ed. Descanse en paz\u201d, escribi\u00f3 Brito en su cuenta de X.<\/p>\n\n\n\n<p class=\"has-text-align-center\"><strong><a href=\"https:\/\/chat.whatsapp.com\/KWkTmakY3I05kNdd2oZl6d\"><em>\u00daNETE A NUESTRO GRUPO DE WHATSAPP PARA ESTAR INFORMADO<\/em><\/a><\/strong><\/p>\n\n\n\n<p>El deceso de Sapene se produce pocos d\u00edas despu\u00e9s de la muerte de su esposa, Josefina \u201cFina\u201d Sapene, ocurrida el pasado 27 de mayo, y tres a\u00f1os despu\u00e9s del fallecimiento de su hija Michelle, quien muri\u00f3 a causa de una enfermedad cr\u00f3nica.<\/p>\n\n\n\n<p>Tras conocerse la noticia, destacadas figuras del periodismo venezolano expresaron su pesar y recordaron a Sapene como un l\u00edder \u00edntegro, un formador de generaciones y un profesional comprometido con la verdad, la \u00e9tica y la libertad de expresi\u00f3n.<\/p>\n\n\n\n<p>Durante m\u00e1s de cuatro d\u00e9cadas, Eduardo Sapene fue una figura clave en RCTV, especialmente al frente de programas informativos como <em>El Observador<\/em>. Su trabajo dej\u00f3 una huella imborrable en el periodismo venezolano, particularmente en el contexto del cierre de RCTV en 2007, donde defendi\u00f3 con firmeza la labor informativa del canal.<\/p>\n\n\n\n<p>Graduado en la Universidad Cat\u00f3lica Andr\u00e9s Bello (UCAB), Sapene tambi\u00e9n se desempe\u00f1\u00f3 como productor, director y redactor para radio y televisi\u00f3n. Dominaba los idiomas espa\u00f1ol, ingl\u00e9s y franc\u00e9s.<\/p>\n\n\n\n<p>Su legado contin\u00faa vivo en los periodistas que form\u00f3 y en la audiencia que valor\u00f3 su compromiso con la informaci\u00f3n veraz y responsable.<\/p>\n\n\n\n<p class=\"has-text-align-center\"><em><strong><em><strong><em><strong><em><strong><a href=\"https:\/\/t.me\/esreviral\">\u00daNETE A NUESTRO CANAL DE TELEGRAM PARA ESTAR INFORMADO<\/a><\/strong><\/em><\/strong><\/em><\/strong><\/em><\/strong><\/em><\/p>\n\n\n\n<p class=\"has-text-align-right\"><strong><em>Con Informaci\u00f3n de ElNacional.-<\/em><\/strong><\/p>\n","protected":false},"excerpt":{"rendered":"<p>A los 74 a\u00f1os de edad falleci\u00f3 quien fue vicepresidente de Informaci\u00f3n y Opini\u00f3n de RCTV. El deceso ocurri\u00f3 en el hospital Jackson West Medical Center del Doral, en Miami<\/p>\n","protected":false},"author":3,"featured_media":75304,"comment_status":"closed","ping_status":"closed","sticky":false,"template":"","format":"standard","meta":{"jnews-multi-image_gallery":[],"jnews_single_post":{"format":"standard"},"jnews_primary_category":[],"jnews_social_meta":[],"jnews_review":[],"enable_review":"","type":"","name":"","summary":"","brand":"","sku":"","good":[],"bad":[],"score_override":"","override_value":"","rating":[],"price":[],"jnews_override_counter":[],"jnews_post_split":[],"footnotes":""},"categories":[88],"tags":[31517,136,45,161,3604,858],"class_list":["post-75303","post","type-post","status-publish","format-standard","has-post-thumbnail","hentry","category-internacionales","tag-eduardo-sapene","tag-estados-unidos","tag-noticias","tag-periodista","tag-periodista-venezolano","tag-rctv"],"amp_enabled":true,"_links":{"self":[{"href":"https:\/\/esreviral.com\/index.php?rest_route=\/wp\/v2\/posts\/75303"}],"collection":[{"href":"https:\/\/esreviral.com\/index.php?rest_route=\/wp\/v2\/posts"}],"about":[{"href":"https:\/\/esreviral.com\/index.php?rest_route=\/wp\/v2\/types\/post"}],"author":[{"embeddable":true,"href":"https:\/\/esreviral.com\/index.php?rest_route=\/wp\/v2\/users\/3"}],"replies":[{"embeddable":true,"href":"https:\/\/esreviral.com\/index.php?rest_route=%2Fwp%2Fv2%2Fcomments&post=75303"}],"version-history":[{"count":1,"href":"https:\/\/esreviral.com\/index.php?rest_route=\/wp\/v2\/posts\/75303\/revisions"}],"predecessor-version":[{"id":75305,"href":"https:\/\/esreviral.com\/index.php?rest_route=\/wp\/v2\/posts\/75303\/revisions\/75305"}],"wp:featuredmedia":[{"embeddable":true,"href":"https:\/\/esreviral.com\/index.php?rest_route=\/wp\/v2\/media\/75304"}],"wp:attachment":[{"href":"https:\/\/esreviral.com\/index.php?rest_route=%2Fwp%2Fv2%2Fmedia&parent=75303"}],"wp:term":[{"taxonomy":"category","embeddable":true,"href":"https:\/\/esreviral.com\/index.php?rest_route=%2Fwp%2Fv2%2Fcategories&post=75303"},{"taxonomy":"post_tag","embeddable":true,"href":"https:\/\/esreviral.com\/index.php?rest_route=%2Fwp%2Fv2%2Ftags&post=75303"}],"curies":[{"name":"wp","href":"https:\/\/api.w.org\/{rel}","templated":true}]}}