{"id":75298,"date":"2025-06-12T12:51:22","date_gmt":"2025-06-12T17:51:22","guid":{"rendered":"https:\/\/esreviral.com\/?p=75298"},"modified":"2025-06-12T12:52:17","modified_gmt":"2025-06-12T17:52:17","slug":"joven-venezolano-fue-asesinado-a-balazos-tras-negarse-a-pagar-extorsion","status":"publish","type":"post","link":"https:\/\/esreviral.com\/?p=75298","title":{"rendered":"Joven venezolano fue asesinado a balazos tras negarse a pagar extorsi\u00f3n"},"content":{"rendered":"\n<p>Un joven venezolano fue <strong>asesinado a balazos<\/strong> tras negarse a pagar una extorsi\u00f3n conocida como \u201cel obligadito\u201d, seg\u00fan reportaron medios locales.<\/p>\n\n\n\n<p class=\"has-text-align-center\"><strong><a href=\"https:\/\/chat.whatsapp.com\/KWkTmakY3I05kNdd2oZl6d\"><em>\u00daNETE A NUESTRO GRUPO DE WHATSAPP PARA ESTAR INFORMADO<\/em><\/a><\/strong><\/p>\n\n\n\n<p>El crimen ocurri\u00f3 el martes 10 de junio en el sector de Pascuales, en Guayaquil, <strong>Ecuador<\/strong>.<\/p>\n\n\n\n<p>De acuerdo con testigos, la v\u00edctima \u2014cuya identidad a\u00fan no ha sido revelada\u2014 se dedicaba a la venta de empanadas en la zona, donde presuntamente deb\u00eda pagar 5 d\u00f3lares diarios como parte de una extorsi\u00f3n.<\/p>\n\n\n\n<p>Aunque las autoridades no han confirmado oficialmente el m\u00f3vil del asesinato, vecinos aseguran que el joven ya hab\u00eda recibido amenazas por parte de presuntos delincuentes que operan en el sector.<\/p>\n\n\n\n<p>Esta situaci\u00f3n no ser\u00eda aislada: seg\u00fan denuncian residentes, muchos comerciantes informales \u2014en su mayor\u00eda migrantes\u2014 viven bajo el constante temor de ser v\u00edctimas de extorsiones y violencia en \u00e1reas marcadas por el crimen organizado.<\/p>\n\n\n\n<p class=\"has-text-align-center\"><em><strong><em><strong><em><strong><em><strong><a href=\"https:\/\/t.me\/esreviral\">\u00daNETE A NUESTRO CANAL DE TELEGRAM PARA ESTAR INFORMADO<\/a><\/strong><\/em><\/strong><\/em><\/strong><\/em><\/strong><\/em><\/p>\n\n\n\n<p class=\"has-text-align-right\"><em><strong>Fuente: Noticia al D\u00eda.<\/strong><\/em>&#8211;<\/p>\n\n\n\n<p><\/p>\n","protected":false},"excerpt":{"rendered":"<p>Un joven venezolano fue asesinado a balazos tras negarse a pagar una extorsi\u00f3n conocida como \u201cel obligadito\u201d, seg\u00fan reportaron medios locales. \u00daNETE A NUESTRO GRUPO DE WHATSAPP PARA ESTAR INFORMADO El crimen ocurri\u00f3 el martes 10 de junio en el sector de Pascuales, en Guayaquil, Ecuador. De acuerdo con testigos, la v\u00edctima \u2014cuya identidad a\u00fan [&hellip;]<\/p>\n","protected":false},"author":3,"featured_media":75299,"comment_status":"closed","ping_status":"closed","sticky":false,"template":"","format":"standard","meta":{"jnews-multi-image_gallery":[],"jnews_single_post":{"format":"standard"},"jnews_primary_category":[],"jnews_social_meta":[],"jnews_review":[],"enable_review":"","type":"","name":"","summary":"","brand":"","sku":"","good":[],"bad":[],"score_override":"","override_value":"","rating":[],"price":[],"jnews_override_counter":[],"jnews_post_split":[],"footnotes":""},"categories":[54,88,64],"tags":[19399,547,45,788],"class_list":["post-75298","post","type-post","status-publish","format-standard","has-post-thumbnail","hentry","category-inmigracion","category-internacionales","category-sucesos","tag-asesinado-a-balazos","tag-ecuador","tag-noticias","tag-venezolanos-en-ecuador"],"amp_enabled":true,"_links":{"self":[{"href":"https:\/\/esreviral.com\/index.php?rest_route=\/wp\/v2\/posts\/75298"}],"collection":[{"href":"https:\/\/esreviral.com\/index.php?rest_route=\/wp\/v2\/posts"}],"about":[{"href":"https:\/\/esreviral.com\/index.php?rest_route=\/wp\/v2\/types\/post"}],"author":[{"embeddable":true,"href":"https:\/\/esreviral.com\/index.php?rest_route=\/wp\/v2\/users\/3"}],"replies":[{"embeddable":true,"href":"https:\/\/esreviral.com\/index.php?rest_route=%2Fwp%2Fv2%2Fcomments&post=75298"}],"version-history":[{"count":2,"href":"https:\/\/esreviral.com\/index.php?rest_route=\/wp\/v2\/posts\/75298\/revisions"}],"predecessor-version":[{"id":75302,"href":"https:\/\/esreviral.com\/index.php?rest_route=\/wp\/v2\/posts\/75298\/revisions\/75302"}],"wp:featuredmedia":[{"embeddable":true,"href":"https:\/\/esreviral.com\/index.php?rest_route=\/wp\/v2\/media\/75299"}],"wp:attachment":[{"href":"https:\/\/esreviral.com\/index.php?rest_route=%2Fwp%2Fv2%2Fmedia&parent=75298"}],"wp:term":[{"taxonomy":"category","embeddable":true,"href":"https:\/\/esreviral.com\/index.php?rest_route=%2Fwp%2Fv2%2Fcategories&post=75298"},{"taxonomy":"post_tag","embeddable":true,"href":"https:\/\/esreviral.com\/index.php?rest_route=%2Fwp%2Fv2%2Ftags&post=75298"}],"curies":[{"name":"wp","href":"https:\/\/api.w.org\/{rel}","templated":true}]}}