{"id":75295,"date":"2025-06-12T11:24:06","date_gmt":"2025-06-12T16:24:06","guid":{"rendered":"https:\/\/esreviral.com\/?p=75295"},"modified":"2025-06-12T11:24:07","modified_gmt":"2025-06-12T16:24:07","slug":"bolivia-denunciara-a-venezuela-ante-la-fifa-tras-retraso-del-vuelo","status":"publish","type":"post","link":"https:\/\/esreviral.com\/?p=75295","title":{"rendered":"Bolivia denunciar\u00e1 a Venezuela ante la FIFA tras retraso del vuelo"},"content":{"rendered":"\n<p>La <strong>selecci\u00f3n de f\u00fatbol de Bolivia presentar\u00e1 un reclamo formal ante Conmebol y FIFA por el retraso de m\u00e1s de doce horas que sufri\u00f3 su vuelo en el Aeropuerto Internacional Jos\u00e9 Tadeo Monagas.<\/strong> El equipo deb\u00eda salir del pa\u00eds el viernes 6 de junio a las 11:00 p.m., tras el partido disputado ese mismo d\u00eda a las 7:00 p.m. en el estadio Monumental de Matur\u00edn. Sin embargo, la autorizaci\u00f3n para despegar solo lleg\u00f3 el s\u00e1bado 7 de junio al mediod\u00eda, m\u00e1s de doce horas despu\u00e9s de lo previsto.<\/p>\n\n\n\n<p class=\"has-text-align-center\"><strong><a href=\"https:\/\/chat.whatsapp.com\/KWkTmakY3I05kNdd2oZl6d\"><em>\u00daNETE A NUESTRO GRUPO DE WHATSAPP PARA ESTAR INFORMADO<\/em><\/a><\/strong><\/p>\n\n\n\n<p>Fernando Costa, presidente de la <strong>Federaci\u00f3n Boliviana de F\u00fatbol<\/strong> (FBF), anunci\u00f3 que presentar\u00e1n una reclamaci\u00f3n contundente contra Venezuela por este retraso \u201c<strong><em>innecesario e inoportuno<\/em><\/strong>\u201d. \u201c<strong><em>Vamos a exigir una sanci\u00f3n ejemplarizante por parte de la FIFA. Ninguna selecci\u00f3n deber\u00eda pasar por lo que vivi\u00f3 Bolivia<\/em><\/strong>\u201d, afirm\u00f3 Costa en declaraciones a medios deportivos locales.<\/p>\n\n\n\n<p>Con esta medida, Bolivia busca sentar un precedente que obligue al gobierno venezolano a garantizar condiciones adecuadas para la llegada y salida de todas las selecciones nacionales. \u201c<strong><em>Se atent\u00f3 contra la seguridad del equipo y eso no puede permitirse<\/em><\/strong>\u201d, agreg\u00f3 Costa.<\/p>\n\n\n\n<p>La FBF ya hab\u00eda previsto posibles complicaciones, despu\u00e9s de que la selecci\u00f3n de Per\u00fa experimentara retrasos similares con la aerol\u00ednea Conviasa en Venezuela. Por precauci\u00f3n, contrataron una aerol\u00ednea ecuatoriana para evitar mayores problemas.<\/p>\n\n\n\n<p>Por su parte, el entrenador \u00d3scar Villegas se\u00f1al\u00f3 que estaban al tanto de que podr\u00edan ser retenidos en el aeropuerto. \u201c<strong><em>D\u00edas antes sab\u00edamos que nos pasar\u00eda lo mismo que a Per\u00fa, pero estar m\u00e1s de ocho horas retenidos es pr\u00e1cticamente un secuestro. Esto trasciende lo deportivo, es un complot orquestado por la Federaci\u00f3n Venezolana para perjudicar a nuestro equipo<\/em><\/strong>\u201d, denunci\u00f3.<\/p>\n\n\n\n<p>Villegas asegur\u00f3 que la Vinotinto <strong><em>\u201cquiere llegar al Mundial a toda costa<\/em><\/strong>\u201d y por eso <strong><em>\u201cbuscaba que Bolivia perdiera contra Chile<\/em><\/strong>\u201d. El retraso redujo las horas de descanso de los jugadores antes de su segundo partido, que finalmente ganaron 2-0 contra Chile en la fecha 16 de las eliminatorias.<\/p>\n\n\n\n<p class=\"has-text-align-center\"><em><strong><em><strong><em><strong><em><strong><a href=\"https:\/\/t.me\/esreviral\">\u00daNETE A NUESTRO CANAL DE TELEGRAM PARA ESTAR INFORMADO<\/a><\/strong><\/em><\/strong><\/em><\/strong><\/em><\/strong><\/em><\/p>\n\n\n\n<p class=\"has-text-align-right\"><strong><em>Con Informaci\u00f3n de ElNacional.-<\/em><\/strong><\/p>\n","protected":false},"excerpt":{"rendered":"<p>La Federaci\u00f3n Boliviana de F\u00fatbol buscar\u00e1 una sanci\u00f3n ejemplificadora a Venezuela por retener a la selecci\u00f3n en el aeropuerto m\u00e1s tiempo del necesario, una situaci\u00f3n que ya hab\u00eda ocurrido anteriormente con Per\u00fa<\/p>\n","protected":false},"author":3,"featured_media":75296,"comment_status":"closed","ping_status":"closed","sticky":false,"template":"","format":"standard","meta":{"jnews-multi-image_gallery":[],"jnews_single_post":{"format":"standard"},"jnews_primary_category":[],"jnews_social_meta":[],"jnews_review":[],"enable_review":"","type":"","name":"","summary":"","brand":"","sku":"","good":[],"bad":[],"score_override":"","override_value":"","rating":[],"price":[],"jnews_override_counter":[],"jnews_post_split":[],"footnotes":""},"categories":[48],"tags":[31516,31203,7713,90,866,45,31515],"class_list":["post-75295","post","type-post","status-publish","format-standard","has-post-thumbnail","hentry","category-deportes","tag-fbf","tag-federacion-boliviana-de-futbol","tag-federacion-venezolana-de-futbol","tag-futbol","tag-fvf","tag-noticias","tag-seleccion-de-futbol-de-bolivia"],"amp_enabled":true,"_links":{"self":[{"href":"https:\/\/esreviral.com\/index.php?rest_route=\/wp\/v2\/posts\/75295"}],"collection":[{"href":"https:\/\/esreviral.com\/index.php?rest_route=\/wp\/v2\/posts"}],"about":[{"href":"https:\/\/esreviral.com\/index.php?rest_route=\/wp\/v2\/types\/post"}],"author":[{"embeddable":true,"href":"https:\/\/esreviral.com\/index.php?rest_route=\/wp\/v2\/users\/3"}],"replies":[{"embeddable":true,"href":"https:\/\/esreviral.com\/index.php?rest_route=%2Fwp%2Fv2%2Fcomments&post=75295"}],"version-history":[{"count":1,"href":"https:\/\/esreviral.com\/index.php?rest_route=\/wp\/v2\/posts\/75295\/revisions"}],"predecessor-version":[{"id":75297,"href":"https:\/\/esreviral.com\/index.php?rest_route=\/wp\/v2\/posts\/75295\/revisions\/75297"}],"wp:featuredmedia":[{"embeddable":true,"href":"https:\/\/esreviral.com\/index.php?rest_route=\/wp\/v2\/media\/75296"}],"wp:attachment":[{"href":"https:\/\/esreviral.com\/index.php?rest_route=%2Fwp%2Fv2%2Fmedia&parent=75295"}],"wp:term":[{"taxonomy":"category","embeddable":true,"href":"https:\/\/esreviral.com\/index.php?rest_route=%2Fwp%2Fv2%2Fcategories&post=75295"},{"taxonomy":"post_tag","embeddable":true,"href":"https:\/\/esreviral.com\/index.php?rest_route=%2Fwp%2Fv2%2Ftags&post=75295"}],"curies":[{"name":"wp","href":"https:\/\/api.w.org\/{rel}","templated":true}]}}