{"id":75163,"date":"2025-06-11T10:02:05","date_gmt":"2025-06-11T15:02:05","guid":{"rendered":"https:\/\/esreviral.com\/?p=75163"},"modified":"2025-06-11T10:02:06","modified_gmt":"2025-06-11T15:02:06","slug":"hermanos-venezolanos-brillan-en-la-escalada-de-argentina","status":"publish","type":"post","link":"https:\/\/esreviral.com\/?p=75163","title":{"rendered":"Hermanos venezolanos brillan en la Escalada de Argentina"},"content":{"rendered":"\n<p>La venezolana Miranda Brito de 17 a\u00f1os de edad,<strong> se coron\u00f3 subcampeona nacional en escalada en Argentina y su hermano N\u00e9stor, de 15 a\u00f1os de edad, qued\u00f3 en el d\u00e9cimo puesto entre los mejores 48 del pa\u00eds<\/strong> en un campeonato organizado por la Federaci\u00f3n Cordobesa de Monta\u00f1ismo y Escalada y el Club Andino C\u00f3rdoba, avalado por la Federaci\u00f3n Argentina de Ski y Andinismo, se realiz\u00f3 en el Polideportivo General Paz<\/p>\n\n\n\n<p>Los j\u00f3venes hermanos <strong>iniciaron la pr\u00e1ctica de esta disciplina deportiva en su Caricuao natal<\/strong>, donde se destacaron por sus habilidades y representaron al Distrito capital en distintas competencias.<\/p>\n\n\n\n<p>Al llegar a Argentina en abril del 2018,  continuaron su entrenamiento en el Club Andino de C\u00f3rdoba hasta el 2020, posterior a la pandemia iniciaron en Avista donde se mantienen hoy d\u00eda y siguen destacando en competencias nacionales y regionales. <\/p>\n\n\n\n<figure class=\"wp-block-image size-full\"><img fetchpriority=\"high\" decoding=\"async\" width=\"651\" height=\"990\" src=\"https:\/\/esreviral.com\/wp-content\/uploads\/2025\/06\/WhatsApp-Image-2025-06-10-at-8.51.49-PM.webp\" alt=\"\" class=\"wp-image-75213\" srcset=\"https:\/\/esreviral.com\/wp-content\/uploads\/2025\/06\/WhatsApp-Image-2025-06-10-at-8.51.49-PM.webp 651w, https:\/\/esreviral.com\/wp-content\/uploads\/2025\/06\/WhatsApp-Image-2025-06-10-at-8.51.49-PM-197x300.webp 197w\" sizes=\"(max-width: 651px) 100vw, 651px\" \/><figcaption class=\"wp-element-caption\">Miranda Brito, subcampeona nacional<\/figcaption><\/figure>\n\n\n\n<figure class=\"wp-block-image size-large\"><img decoding=\"async\" width=\"684\" height=\"1024\" src=\"https:\/\/esreviral.com\/wp-content\/uploads\/2025\/06\/WhatsApp-Image-2025-06-10-at-8.49.47-PM-_1_-684x1024.webp\" alt=\"\" class=\"wp-image-75214\" srcset=\"https:\/\/esreviral.com\/wp-content\/uploads\/2025\/06\/WhatsApp-Image-2025-06-10-at-8.49.47-PM-_1_-684x1024.webp 684w, https:\/\/esreviral.com\/wp-content\/uploads\/2025\/06\/WhatsApp-Image-2025-06-10-at-8.49.47-PM-_1_-200x300.webp 200w, https:\/\/esreviral.com\/wp-content\/uploads\/2025\/06\/WhatsApp-Image-2025-06-10-at-8.49.47-PM-_1_-768x1151.webp 768w, https:\/\/esreviral.com\/wp-content\/uploads\/2025\/06\/WhatsApp-Image-2025-06-10-at-8.49.47-PM-_1_-1025x1536.webp 1025w, https:\/\/esreviral.com\/wp-content\/uploads\/2025\/06\/WhatsApp-Image-2025-06-10-at-8.49.47-PM-_1_.webp 1068w\" sizes=\"(max-width: 684px) 100vw, 684px\" \/><figcaption class=\"wp-element-caption\">N\u00e9stor Brito, de 15 a\u00f1os de edad, entre los mejores 10 de su categor\u00eda<\/figcaption><\/figure>\n\n\n\n<p><\/p>\n","protected":false},"excerpt":{"rendered":"<p>La venezolana Miranda Brito de 17 a\u00f1os de edad, se coron\u00f3 subcampeona nacional en escalada en Argentina y su hermano N\u00e9stor, de 15 a\u00f1os de edad, qued\u00f3 en el d\u00e9cimo puesto entre los mejores 48 del pa\u00eds en un campeonato organizado por la Federaci\u00f3n Cordobesa de Monta\u00f1ismo y Escalada y el Club Andino C\u00f3rdoba, avalado [&hellip;]<\/p>\n","protected":false},"author":2,"featured_media":75212,"comment_status":"closed","ping_status":"closed","sticky":false,"template":"","format":"standard","meta":{"jnews-multi-image_gallery":[],"jnews_single_post":{"format":"standard"},"jnews_primary_category":[],"jnews_social_meta":[],"jnews_review":[],"enable_review":"","type":"","name":"","summary":"","brand":"","sku":"","good":[],"bad":[],"score_override":"","override_value":"","rating":[],"price":[],"jnews_override_counter":[],"jnews_post_split":[],"footnotes":""},"categories":[48,5892],"tags":[49,45,67],"class_list":["post-75163","post","type-post","status-publish","format-standard","has-post-thumbnail","hentry","category-deportes","category-venezolanos-en-argentina","tag-deportes","tag-noticias","tag-venezolanos-en-argentina"],"amp_enabled":true,"_links":{"self":[{"href":"https:\/\/esreviral.com\/index.php?rest_route=\/wp\/v2\/posts\/75163"}],"collection":[{"href":"https:\/\/esreviral.com\/index.php?rest_route=\/wp\/v2\/posts"}],"about":[{"href":"https:\/\/esreviral.com\/index.php?rest_route=\/wp\/v2\/types\/post"}],"author":[{"embeddable":true,"href":"https:\/\/esreviral.com\/index.php?rest_route=\/wp\/v2\/users\/2"}],"replies":[{"embeddable":true,"href":"https:\/\/esreviral.com\/index.php?rest_route=%2Fwp%2Fv2%2Fcomments&post=75163"}],"version-history":[{"count":2,"href":"https:\/\/esreviral.com\/index.php?rest_route=\/wp\/v2\/posts\/75163\/revisions"}],"predecessor-version":[{"id":75215,"href":"https:\/\/esreviral.com\/index.php?rest_route=\/wp\/v2\/posts\/75163\/revisions\/75215"}],"wp:featuredmedia":[{"embeddable":true,"href":"https:\/\/esreviral.com\/index.php?rest_route=\/wp\/v2\/media\/75212"}],"wp:attachment":[{"href":"https:\/\/esreviral.com\/index.php?rest_route=%2Fwp%2Fv2%2Fmedia&parent=75163"}],"wp:term":[{"taxonomy":"category","embeddable":true,"href":"https:\/\/esreviral.com\/index.php?rest_route=%2Fwp%2Fv2%2Fcategories&post=75163"},{"taxonomy":"post_tag","embeddable":true,"href":"https:\/\/esreviral.com\/index.php?rest_route=%2Fwp%2Fv2%2Ftags&post=75163"}],"curies":[{"name":"wp","href":"https:\/\/api.w.org\/{rel}","templated":true}]}}