{"id":75008,"date":"2025-06-09T14:06:32","date_gmt":"2025-06-09T19:06:32","guid":{"rendered":"https:\/\/esreviral.com\/?p=75008"},"modified":"2025-06-09T14:06:33","modified_gmt":"2025-06-09T19:06:33","slug":"lionel-scaloni-confirmo-que-messi-sera-titular-ante-colombia-esperemos-que-la-gente-disfrute-de-el-y-del-equipo","status":"publish","type":"post","link":"https:\/\/esreviral.com\/?p=75008","title":{"rendered":"Lionel Scaloni confirm\u00f3 que Messi ser\u00e1 titular ante Colombia: \u201cEsperemos que la gente disfrute de \u00e9l y del equipo\u201d"},"content":{"rendered":"\n<p><strong>Lionel Scaloni <\/strong>brind\u00f3 una conferencia de prensa este mediod\u00eda en la previa del duelo entre la<strong> Selecci\u00f3n argentina y Colombia<\/strong>, por las Eliminatorias Sudamericanas. All\u00ed, el entrenador confirm\u00f3 una noticia esperada por los fan\u00e1ticos: <strong>Lionel Messi ser\u00e1 titular<\/strong>.<\/p>\n\n\n\n<p>\u201c<strong><em>El equipo est\u00e1 en condiciones de jugar igual, con o sin Leo, pero \u00e9l va desde el arranque. Esperamos que la gente disfrute de verlo a \u00e9l y al equipo<\/em><\/strong>\u201d, expres\u00f3 Scaloni.<\/p>\n\n\n\n<p class=\"has-text-align-center\"><strong><a href=\"https:\/\/chat.whatsapp.com\/KWkTmakY3I05kNdd2oZl6d\"><em>\u00daNETE A NUESTRO GRUPO DE WHATSAPP PARA ESTAR INFORMADO<\/em><\/a><\/strong><\/p>\n\n\n\n<h3 class=\"wp-block-heading\"><strong><mark style=\"background-color:rgba(0, 0, 0, 0)\" class=\"has-inline-color has-vivid-red-color\">Las frases m\u00e1s destacadas de Lionel Scaloni<\/mark><\/strong><\/h3>\n\n\n\n<ul class=\"wp-block-list\">\n<li>\u201cLeo va a jugar de entrada. Esperemos que la gente disfrute de \u00e9l y del equipo\u201d.<\/li>\n\n\n\n<li>\u201cColombia es un muy buen equipo. Est\u00e1 a la altura de las mejores selecciones del mundo\u201d.<\/li>\n\n\n\n<li>\u201cEl equipo est\u00e1 en un momento en que puede funcionar de la misma manera, est\u00e9 o no Leo. Y eso es positivo\u201d.<\/li>\n\n\n\n<li>\u201cSi realmente se da lo del Real Madrid, es un mont\u00f3n. Estamos hablando del mejor club del mundo\u201d.<\/li>\n\n\n\n<li>\u201cNo me preocupa si nos consideran la mejor selecci\u00f3n del mundo o no\u201d.<\/li>\n\n\n\n<li>\u201cNo tiene sentido armar una lista para el Mundial un a\u00f1o antes. Lo mejor es esperar hasta \u00faltimo momento\u201d.<\/li>\n\n\n\n<li>\u201cNos gustar\u00eda que la alegr\u00eda del \u00faltimo t\u00edtulo dure m\u00e1s y no tener que jugar otro campeonato tan r\u00e1pido\u201d.<\/li>\n\n\n\n<li>\u201cNo me desvela enfrentar a selecciones europeas\u201d.<\/li>\n\n\n\n<li>\u201cSobre Paredes: no importa d\u00f3nde juegue, sino que juegue. Si vuelve a Boca y rinde, ser\u00e1 espectacular\u201d.<\/li>\n\n\n\n<li>\u201cBuscamos un delantero que tambi\u00e9n pueda adaptarse a otras posiciones. No nos cerramos a un solo perfil\u201d.<\/li>\n\n\n\n<li>\u201cLautaro est\u00e1 bien. Le dimos unos d\u00edas libres y est\u00e1 listo para ma\u00f1ana\u201d.<\/li>\n\n\n\n<li>\u201cCristiano y Messi dejar\u00e1n de ser grandes cuando se retiren. Felicitaciones a Portugal y a Cristiano\u201d.<\/li>\n\n\n\n<li>\u201cEstamos para competir de igual a igual con las potencias\u201d.<\/li>\n\n\n\n<li>\u201cColombia tiene una forma de jugar clara, con grandes jugadores. Ser\u00e1 un lindo partido, sobre todo porque jugamos en casa\u201d.<\/li>\n\n\n\n<li>\u201cNo imagin\u00e1bamos clasificar tan temprano en una Eliminatoria tan pareja. Sabemos que tenemos una identidad de juego\u201d.<\/li>\n\n\n\n<li>\u201cTengo contrato hasta el Mundial 2026. Despu\u00e9s se ver\u00e1\u201d.<\/li>\n\n\n\n<li>\u201cMe gustar\u00eda dirigir un club, pero no en el corto plazo\u201d.<\/li>\n\n\n\n<li>\u201cMessi y Almada pueden jugar juntos\u201d.<\/li>\n\n\n\n<li>\u201cEl que juega bien en la liga argentina puede rendir perfectamente en Europa\u201d.<\/li>\n\n\n\n<li>\u201cWalter (Samuel) tiene un fuerte compromiso con nosotros\u201d.<\/li>\n<\/ul>\n\n\n\n<h3 class=\"wp-block-heading\"><strong><mark style=\"background-color:rgba(0, 0, 0, 0)\" class=\"has-inline-color has-vivid-red-color\">La posible formaci\u00f3n de Argentina ante Colombia<\/mark><\/strong><\/h3>\n\n\n\n<p><strong>Emiliano Mart\u00ednez; Nahuel Molina, Cristian Romero, Nicol\u00e1s Otamendi, Facundo Medina o Valent\u00edn Barco; Rodrigo De Paul, Leandro Paredes, Enzo Fern\u00e1ndez; Lionel Messi, Juli\u00e1n \u00c1lvarez, Thiago Almada o Lautaro Mart\u00ednez.<\/strong><br>DT: Lionel Scaloni.<\/p>\n\n\n\n<p class=\"has-text-align-center\"><em><strong><em><strong><em><strong><em><strong><a href=\"https:\/\/t.me\/esreviral\">\u00daNETE A NUESTRO CANAL DE TELEGRAM PARA ESTAR INFORMADO<\/a><\/strong><\/em><\/strong><\/em><\/strong><\/em><\/strong><\/em><\/p>\n\n\n\n<h3 class=\"wp-block-heading\"><strong><mark style=\"background-color:rgba(0, 0, 0, 0)\" class=\"has-inline-color has-vivid-red-color\">Cu\u00e1ndo y d\u00f3nde ver el partido<\/mark><\/strong><\/h3>\n\n\n\n<p>La Selecci\u00f3n argentina enfrentar\u00e1 a Colombia <strong>el martes a las 21:00 (hora argentina)<\/strong>.<br>El partido se podr\u00e1 ver en vivo por <strong>Telefe y TyC Sports<\/strong>.<\/p>\n\n\n\n<p><\/p>\n\n\n\n<p class=\"has-text-align-right\"><strong><em>Con Informaci\u00f3n de TN.-<\/em><\/strong><\/p>\n","protected":false},"excerpt":{"rendered":"<p>Adem\u00e1s del capit\u00e1n, tambi\u00e9n est\u00e1n disponibles Lautaro Mart\u00ednez, Otamendi, Paredes y Enzo Fern\u00e1ndez.<\/p>\n","protected":false},"author":3,"featured_media":75009,"comment_status":"closed","ping_status":"closed","sticky":false,"template":"","format":"standard","meta":{"jnews-multi-image_gallery":[],"jnews_single_post":{"format":"standard"},"jnews_primary_category":[],"jnews_social_meta":[],"jnews_review":[],"enable_review":"","type":"","name":"","summary":"","brand":"","sku":"","good":[],"bad":[],"score_override":"","override_value":"","rating":[],"price":[],"jnews_override_counter":[],"jnews_post_split":[],"footnotes":""},"categories":[48],"tags":[44,90,1129,1089,45,1147],"class_list":["post-75008","post","type-post","status-publish","format-standard","has-post-thumbnail","hentry","category-deportes","tag-argentina","tag-futbol","tag-lionel-messi","tag-lionel-scaloni","tag-noticias","tag-seleccion-argentina"],"amp_enabled":true,"_links":{"self":[{"href":"https:\/\/esreviral.com\/index.php?rest_route=\/wp\/v2\/posts\/75008"}],"collection":[{"href":"https:\/\/esreviral.com\/index.php?rest_route=\/wp\/v2\/posts"}],"about":[{"href":"https:\/\/esreviral.com\/index.php?rest_route=\/wp\/v2\/types\/post"}],"author":[{"embeddable":true,"href":"https:\/\/esreviral.com\/index.php?rest_route=\/wp\/v2\/users\/3"}],"replies":[{"embeddable":true,"href":"https:\/\/esreviral.com\/index.php?rest_route=%2Fwp%2Fv2%2Fcomments&post=75008"}],"version-history":[{"count":1,"href":"https:\/\/esreviral.com\/index.php?rest_route=\/wp\/v2\/posts\/75008\/revisions"}],"predecessor-version":[{"id":75011,"href":"https:\/\/esreviral.com\/index.php?rest_route=\/wp\/v2\/posts\/75008\/revisions\/75011"}],"wp:featuredmedia":[{"embeddable":true,"href":"https:\/\/esreviral.com\/index.php?rest_route=\/wp\/v2\/media\/75009"}],"wp:attachment":[{"href":"https:\/\/esreviral.com\/index.php?rest_route=%2Fwp%2Fv2%2Fmedia&parent=75008"}],"wp:term":[{"taxonomy":"category","embeddable":true,"href":"https:\/\/esreviral.com\/index.php?rest_route=%2Fwp%2Fv2%2Fcategories&post=75008"},{"taxonomy":"post_tag","embeddable":true,"href":"https:\/\/esreviral.com\/index.php?rest_route=%2Fwp%2Fv2%2Ftags&post=75008"}],"curies":[{"name":"wp","href":"https:\/\/api.w.org\/{rel}","templated":true}]}}